{"id":53586,"date":"2025-07-03T16:03:42","date_gmt":"2025-07-03T14:03:42","guid":{"rendered":"https:\/\/betterstudy.ch\/unkategorisiert\/salaire-dividende-autre-defi-reforme-rffa\/"},"modified":"2025-07-03T16:03:54","modified_gmt":"2025-07-03T14:03:54","slug":"salaire-dividende-autre-defi-reforme-rffa","status":"publish","type":"post","link":"https:\/\/betterstudy.ch\/de\/ausbildung-in-buchhaltung-und-rechnungswesen\/umfassender-leitfaden-buchhaltung\/salaire-dividende-autre-defi-reforme-rffa\/","title":{"rendered":"Gehalt oder Dividende: Die weitere Herausforderung der RFFA-Reform"},"content":{"rendered":"<p>Un projet de la r\u00e9forme fiscale a \u00e9t\u00e9 soumis le 19 mai aux citoyens. Une initiative qui peut encourager les petites et moyennes entreprises en Suisse \u00e0 accorder plus de bonus et \u00e0 cotiser plus \u00e0 la pr\u00e9voyance professionnelle.<\/p>\n<p>En m\u00eame temps, il y a risque de revoir \u00e0 la baisse les dividendes vers\u00e9s aux cadres. \u00c9videmment il faut s&#8217;attendre \u00e0 des variations entre les diff\u00e9rents cantons.<\/p>\n<p>Cette refonte fiscale peut affecter la structure des salaires accord\u00e9s aux cadres des PME, tout en influen\u00e7ant les avoirs de pr\u00e9voyance professionnelle de la classe moyenne. Autrement dit, le vote aura des r\u00e9percussions fiscales mais aussi sur l\u2019AVS et m\u00eame sur le 2\u00e8me pilier.<\/p>\n<p>Cette situation pr\u00e9sente un r\u00e9el dilemme pour les dirigeants qui doivent trancher entre l\u2019augmentation des salaires et des bonus, au regard de l\u2019aggravation de l&#8217;imposition des dividendes ou le maintien voire la diminution des dividendes. Ils doivent \u00e9galement prendre en consid\u00e9ration l&#8217;effet sur la pr\u00e9voyance professionnelle.<\/p>\n<h2>Effet variable de la r\u00e9forme en fonction des cantons.<\/h2>\n<p>L&#8217;impact de la r\u00e9forme fiscale diff\u00e8re d&#8217;un canton \u00e0 un autre et du taux d&#8217;imposition appliqu\u00e9 sur le revenu, comme le souligne Denis Boivin, expert fiscal dipl\u00f4m\u00e9 chez BDO \u00e0 Fribourg. La refonte s\u2019oriente vers une diminution du taux d&#8217;imposition des entreprises, et en m\u00eame temps l\u2019augmentation de l\u2019imposition des dividendes, applicable pour les actionnaires d\u00e9tenant au minimum 10 % du capital social de la soci\u00e9t\u00e9 de capitaux ou de la soci\u00e9t\u00e9 coop\u00e9rative.<\/p>\n<p>Cette situation ne va pas impacter les petits investisseurs, seuls les dirigeants et les cadres des PME auront \u00e0 subir la double imposition \u00e9conomique, une fois sur le b\u00e9n\u00e9fice puis sur le dividende. Cette double imposition \u00e9conomique a fait que les cantons n&#8217;appliquent pas d\u2019imposition sur la totalit\u00e9 du versement du dividende.<\/p>\n<p>Pour les actionnaires, le dividende pr\u00e9sente l&#8217;avantage de ne pas \u00eatre imposable sur le montant total du versement, en plus il n\u2019est pas soumis aux cotisations sociales sous r\u00e9serve d\u2019exceptions (participations appartenant la fortune commerciale d\u2019une personne physique). Il se r\u00e9v\u00e8le tr\u00e8s attractif pour les PME qui choisissent de verser un dividende \u00e9lev\u00e9 et un salaire plus bas, sous r\u00e9serve de l\u2019abus fix\u00e9 par la jurisprudence du Tribunal f\u00e9d\u00e9ral (requalification du dividende en salaire par les assurances sociales).<\/p>\n<p>Toutefois la situation risque de changer avec l\u2019adoption de la refonte fiscale, comme le pr\u00e9cisent justement Mario Lazzarini, expert fiscal dipl\u00f4m\u00e9 chez PensExpert et Max Ledergerber, partenaire aupr\u00e8s de LL Steuerberatung &amp; Treuhand GmbH. La r\u00e9forme peut changer la donne en poussant les entreprises \u00e0 augmenter les salaires, les bonus et les rachats LPP dans le domaine obligatoire et surobligatoire, au d\u00e9triment du dividende.<\/p>\n<p>Pour une soci\u00e9t\u00e9 anonyme, l&#8217;augmentation des r\u00e9mun\u00e9rations et des cotisations sociales se traduit par une hausse des charges de l&#8217;entreprise, une baisse du profit et par ricochet, la diminution de l&#8217;imp\u00f4t sur le b\u00e9n\u00e9fice (imp\u00f4t communal, imp\u00f4t cantonal et imp\u00f4t f\u00e9d\u00e9ral direct).<\/p>\n<p>Pour un actionnaire qui d\u00e9tient au moins 10 % du capital social d\u2019une soci\u00e9t\u00e9 de capitaux ou d\u2019une soci\u00e9t\u00e9 coop\u00e9rative, avoir une r\u00e9mun\u00e9ration \u00e9lev\u00e9e, se traduit par des cotisations sociales plus importantes notamment au niveau des versements \u00e0 la pr\u00e9voyance professionnelle. En contrepartie, le revenu imposable sera moins important et donc un imp\u00f4t sur le revenu plus bas.<\/p>\n<h2>Variations entre les cantons suisses<\/h2>\n<p>La r\u00e9forme fiscale pr\u00e9voit que l&#8217;imposition du dividende au niveau cantonal s\u2019\u00e9l\u00e8ve au moins \u00e0 50 %, alors qu&#8217;au niveau f\u00e9d\u00e9ral, elle doit passer de 60 \u00e0 70 %. La valeur de l&#8217;imp\u00f4t varie donc en fonction des cantons et les \u00e9carts peuvent \u00eatre importants.<\/p>\n<p>A B\u00e2le-ville par exemple, la base imposable concerne 80 % du dividende, alors qu\u2019\u00e0 Zurich et Zoug\u00a0 l\u2019imp\u00f4t ne concerne que 50% du dividende. En supposant que la refonte fiscale soit adopt\u00e9e, on s&#8217;attend \u00e0 ce que le taux de l&#8217;imp\u00f4t sur le b\u00e9n\u00e9fice \u00e0 Fribourg passe de 19,86 \u00e0 13,72 %.<\/p>\n<p>En m\u00eame temps, la base imposable des dividendes sera revue \u00e0 la hausse en passant de 50% \u00e0 70%. Ceci va inciter les actionnaires \u00e0 augmenter leurs revenus apr\u00e8s imp\u00f4t au regard de la baisse de l&#8217;imp\u00f4t sur le b\u00e9n\u00e9fice.<\/p>\n<p>D\u2019un autre c\u00f4t\u00e9, Vaud n\u2019enregistre pas de changement au niveau de l&#8217;imposition des dividendes qui se situe \u00e0 70 %. Tandis que l&#8217;imp\u00f4t sur le b\u00e9n\u00e9fice sera r\u00e9vis\u00e9 \u00e0 la baisse en passant de 20,95 \u00e0 13,79 % et qui est en application depuis 2019.<\/p>\n<p>Dans le cas de Neuch\u00e2tel les dividendes sont impos\u00e9s \u00e0 60 % au lieu de 50 %, au moment o\u00f9 l&#8217;imp\u00f4t sur les b\u00e9n\u00e9fices est revu \u00e0 la baisse en passant de 15,6 \u00e0 13,4%.<\/p>\n<p>D&#8217;apr\u00e8s le droit f\u00e9d\u00e9ral en application actuellement en Suisse, les dividendes sont impos\u00e9s \u00e0 raison de 60 % s\u2019ils proviennent d&#8217;une fortune priv\u00e9e et \u00e0 50 % lorsqu&#8217;ils sont d\u2019origine commerciale.<\/p>\n<p>En ce qui concerne le droit cantonal appliqu\u00e9 \u00e0 Gen\u00e8ve, il adopte les m\u00eames dispositions alors que le conseil d&#8217;\u00c9tat sugg\u00e8re la r\u00e9vision de l&#8217;imposition partielle sur les dividendes provenant de la fortune priv\u00e9e de 60 \u00e0 70 % et celle d&#8217;origine commerciale de 50 \u00e0 60 %.<\/p>\n<h2>Qu\u2019en est-il des ind\u00e9pendants ?<\/h2>\n<p>Denis Boivin conseille aux ind\u00e9pendants de bien \u00e9tudier les diff\u00e9rentes composantes fiscales. En effet, en cas d\u2019un vote favorable \u00e0 la refonte fiscale, certains d&#8217;entre eux peuvent \u00eatre tent\u00e9s de modifier leur forme juridique en devenant des soci\u00e9t\u00e9s de capitaux.<\/p>\n<p>Il faut s&#8217;attendre \u00e0 de grands changements au cours du 2\u00e8me semestre de cette ann\u00e9e. De son c\u00f4t\u00e9 J\u00f6rg Odermatt, directeur de PensExpert, estime que les diff\u00e9rentes structures vont consulter leurs conseillers et fiduciaires avant d&#8217;entreprendre une quelconque modification.<\/p>\n<h2>La pr\u00e9voyance professionnelle, quel impact ?<\/h2>\n<p>La refonte fiscale va avoir un impact sur la pr\u00e9voyance professionnelle. En effet, il faut s\u2019attendre \u00e0 des r\u00e9mun\u00e9rations plus importantes et des rachats LPP. D\u00e8s lors, un responsable dans une structure aura un revenu imposable moins \u00e9lev\u00e9 et un avoir de vieillesse plus cons\u00e9quent.<\/p>\n<p>Autrement dit, un cadre d\u2019une entreprise b\u00e9n\u00e9ficiera d\u2019une meilleure couverture contre les risques d&#8217;invalidit\u00e9 et de d\u00e9c\u00e8s, tout ton constituant un capital de pr\u00e9voyance des plus g\u00e9n\u00e9reux. Il est \u00e0 noter que le versement du capital apr\u00e8s la retraite b\u00e9n\u00e9ficie d&#8217;un taux d&#8217;imposition privil\u00e9gi\u00e9.<\/p>\n<p>Le vote de la r\u00e9forme fiscale repr\u00e9sente une chance pour l&#8217;\u00e9valuation et la planification de la pr\u00e9voyance. Cette r\u00e9forme est approuv\u00e9e \u00e0 contrec\u0153ur par J\u00f6rg Odermatt, qui n&#8217;h\u00e9site pas \u00e0 r\u00e9prouver l&#8217;introduction de la pr\u00e9voyance professionnelle de la classe moyenne dans la refonte fiscale.<\/p>\n<p>Une initiative entreprise par l\u2019Office f\u00e9d\u00e9ral des assurances sociales (OFAS). Jusque-l\u00e0 un salari\u00e9 qui poursuit une activit\u00e9 professionnelle \u00e0 50% jusqu\u2019\u00e0 l\u2019\u00e2ge de 68 ans, peut pr\u00e9tendre \u00e0 de meilleures conditions de retraite.<\/p>\n<p>Il peut choisir de garder la totalit\u00e9 de son avoir de vieillesse dans la caisse de pension pour b\u00e9n\u00e9ficier d\u2019un taux de conversion plus \u00e9lev\u00e9, une fois il d\u00e9cide d\u2019arr\u00eater toute activit\u00e9 \u00e0 68 ans.<\/p>\n<p>Tandis qu\u2019apr\u00e8s la r\u00e9forme, s\u2019il d\u00e9cide de travailler \u00e0 50%, il serait oblig\u00e9 de retirer 50% de son avoir \u00e0 65 ans. D\u00e8s lors, il ne peut avoir droit \u00e0 un taux de conversion sup\u00e9rieur, associ\u00e9 au report de l\u2019\u00e2ge de retraite.<\/p>\n<p><!-- CTA --><\/p>\n","protected":false},"excerpt":{"rendered":"<p>Un projet de la r\u00e9forme fiscale a \u00e9t\u00e9 soumis le 19 mai aux citoyens. Une initiative qui peut encourager les petites et moyennes entreprises en Suisse \u00e0 accorder plus de bonus et \u00e0 cotiser plus \u00e0 la pr\u00e9voyance [&hellip;]<\/p>\n","protected":false},"author":2,"featured_media":691,"comment_status":"closed","ping_status":"closed","sticky":false,"template":"","format":"standard","meta":{"content-type":"","_uag_custom_page_level_css":"","footnotes":""},"categories":[1443],"tags":[1858,1861,1689,1834,1529,1450,1860,1657,1532],"class_list":["post-53586","post","type-post","status-publish","format-standard","has-post-thumbnail","hentry","category-umfassender-leitfaden-buchhaltung","tag-ahv","tag-berufliche-vorsorge","tag-besteuerung-de","tag-besteuerung-de-2","tag-dividende-de","tag-entreprise-de","tag-kmu-de","tag-salaire-de","tag-steuern"],"yoast_head":"<!-- This site is optimized with the Yoast SEO plugin v27.4 - https:\/\/yoast.com\/product\/yoast-seo-wordpress\/ -->\n<title>Gehalt oder Dividende: Die weitere Herausforderung der RFFA-Reform &#8212; BetterStudy Formation en ligne<\/title>\n<meta name=\"description\" content=\"RFFA-Reform f\u00f6rdert Dividenden, fordert L\u00f6hne.\" \/>\n<meta name=\"robots\" content=\"index, follow, max-snippet:-1, max-image-preview:large, max-video-preview:-1\" \/>\n<link rel=\"canonical\" href=\"https:\/\/betterstudy.ch\/de\/ausbildung-in-buchhaltung-und-rechnungswesen\/umfassender-leitfaden-buchhaltung\/salaire-dividende-autre-defi-reforme-rffa\/\" \/>\n<meta property=\"og:locale\" content=\"de_DE\" \/>\n<meta property=\"og:type\" content=\"article\" \/>\n<meta property=\"og:title\" content=\"Gehalt oder Dividende: Die weitere Herausforderung der RFFA-Reform &#8212; BetterStudy Formation en ligne\" \/>\n<meta property=\"og:description\" content=\"RFFA-Reform f\u00f6rdert Dividenden, fordert L\u00f6hne.\" \/>\n<meta property=\"og:url\" content=\"https:\/\/betterstudy.ch\/de\/ausbildung-in-buchhaltung-und-rechnungswesen\/umfassender-leitfaden-buchhaltung\/salaire-dividende-autre-defi-reforme-rffa\/\" \/>\n<meta property=\"og:site_name\" content=\"BetterStudy Formation en ligne\" \/>\n<meta property=\"article:publisher\" content=\"https:\/\/www.facebook.com\/BetterStudy\/\" \/>\n<meta property=\"article:published_time\" content=\"2025-07-03T14:03:42+00:00\" \/>\n<meta property=\"article:modified_time\" content=\"2025-07-03T14:03:54+00:00\" \/>\n<meta property=\"og:image\" content=\"https:\/\/betterstudy.ch\/wp-content\/uploads\/2020\/03\/logo.png\" \/>\n\t<meta property=\"og:image:width\" content=\"1565\" \/>\n\t<meta property=\"og:image:height\" content=\"378\" \/>\n\t<meta property=\"og:image:type\" content=\"image\/png\" \/>\n<meta name=\"author\" content=\"Christophe Rieder\" \/>\n<meta name=\"twitter:card\" content=\"summary_large_image\" \/>\n<meta name=\"twitter:creator\" content=\"@betterstudych\" \/>\n<meta name=\"twitter:site\" content=\"@betterstudych\" \/>\n<meta name=\"twitter:label1\" content=\"Geschrieben von\" \/>\n\t<meta name=\"twitter:data1\" content=\"Christophe Rieder\" \/>\n\t<meta name=\"twitter:label2\" content=\"Gesch\u00e4tzte Lesezeit\" \/>\n\t<meta name=\"twitter:data2\" content=\"6\u00a0Minuten\" \/>\n<script type=\"application\/ld+json\" class=\"yoast-schema-graph\">{\"@context\":\"https:\\\/\\\/schema.org\",\"@graph\":[{\"@type\":\"Article\",\"@id\":\"https:\\\/\\\/betterstudy.ch\\\/de\\\/ausbildung-in-buchhaltung-und-rechnungswesen\\\/umfassender-leitfaden-buchhaltung\\\/salaire-dividende-autre-defi-reforme-rffa\\\/#article\",\"isPartOf\":{\"@id\":\"https:\\\/\\\/betterstudy.ch\\\/de\\\/ausbildung-in-buchhaltung-und-rechnungswesen\\\/umfassender-leitfaden-buchhaltung\\\/salaire-dividende-autre-defi-reforme-rffa\\\/\"},\"author\":{\"name\":\"Christophe Rieder\",\"@id\":\"https:\\\/\\\/betterstudy.ch\\\/de\\\/#\\\/schema\\\/person\\\/2bef5da90845682ae750c6bec319e991\"},\"headline\":\"Gehalt oder Dividende: Die weitere Herausforderung der RFFA-Reform\",\"datePublished\":\"2025-07-03T14:03:42+00:00\",\"dateModified\":\"2025-07-03T14:03:54+00:00\",\"mainEntityOfPage\":{\"@id\":\"https:\\\/\\\/betterstudy.ch\\\/de\\\/ausbildung-in-buchhaltung-und-rechnungswesen\\\/umfassender-leitfaden-buchhaltung\\\/salaire-dividende-autre-defi-reforme-rffa\\\/\"},\"wordCount\":1299,\"publisher\":{\"@id\":\"https:\\\/\\\/betterstudy.ch\\\/de\\\/#organization\"},\"image\":{\"@id\":\"https:\\\/\\\/betterstudy.ch\\\/de\\\/ausbildung-in-buchhaltung-und-rechnungswesen\\\/umfassender-leitfaden-buchhaltung\\\/salaire-dividende-autre-defi-reforme-rffa\\\/#primaryimage\"},\"thumbnailUrl\":\"https:\\\/\\\/betterstudy.ch\\\/wp-content\\\/uploads\\\/2020\\\/03\\\/architecture-22039_1920.jpg\",\"keywords\":[\"AHV\",\"Berufliche Vorsorge\",\"Besteuerung\",\"Besteuerung\",\"Dividende\",\"entreprise\",\"KMU\",\"salaire\",\"Steuern\"],\"articleSection\":[\"Umfassender leitfaden buchhaltung\"],\"inLanguage\":\"de-CH\"},{\"@type\":\"WebPage\",\"@id\":\"https:\\\/\\\/betterstudy.ch\\\/de\\\/ausbildung-in-buchhaltung-und-rechnungswesen\\\/umfassender-leitfaden-buchhaltung\\\/salaire-dividende-autre-defi-reforme-rffa\\\/\",\"url\":\"https:\\\/\\\/betterstudy.ch\\\/de\\\/ausbildung-in-buchhaltung-und-rechnungswesen\\\/umfassender-leitfaden-buchhaltung\\\/salaire-dividende-autre-defi-reforme-rffa\\\/\",\"name\":\"Gehalt oder Dividende: Die weitere Herausforderung der RFFA-Reform &#8212; BetterStudy Formation en ligne\",\"isPartOf\":{\"@id\":\"https:\\\/\\\/betterstudy.ch\\\/de\\\/#website\"},\"primaryImageOfPage\":{\"@id\":\"https:\\\/\\\/betterstudy.ch\\\/de\\\/ausbildung-in-buchhaltung-und-rechnungswesen\\\/umfassender-leitfaden-buchhaltung\\\/salaire-dividende-autre-defi-reforme-rffa\\\/#primaryimage\"},\"image\":{\"@id\":\"https:\\\/\\\/betterstudy.ch\\\/de\\\/ausbildung-in-buchhaltung-und-rechnungswesen\\\/umfassender-leitfaden-buchhaltung\\\/salaire-dividende-autre-defi-reforme-rffa\\\/#primaryimage\"},\"thumbnailUrl\":\"https:\\\/\\\/betterstudy.ch\\\/wp-content\\\/uploads\\\/2020\\\/03\\\/architecture-22039_1920.jpg\",\"datePublished\":\"2025-07-03T14:03:42+00:00\",\"dateModified\":\"2025-07-03T14:03:54+00:00\",\"description\":\"RFFA-Reform f\u00f6rdert Dividenden, fordert L\u00f6hne.\",\"inLanguage\":\"de-CH\",\"potentialAction\":[{\"@type\":\"ReadAction\",\"target\":[\"https:\\\/\\\/betterstudy.ch\\\/de\\\/ausbildung-in-buchhaltung-und-rechnungswesen\\\/umfassender-leitfaden-buchhaltung\\\/salaire-dividende-autre-defi-reforme-rffa\\\/\"]}]},{\"@type\":\"ImageObject\",\"inLanguage\":\"de-CH\",\"@id\":\"https:\\\/\\\/betterstudy.ch\\\/de\\\/ausbildung-in-buchhaltung-und-rechnungswesen\\\/umfassender-leitfaden-buchhaltung\\\/salaire-dividende-autre-defi-reforme-rffa\\\/#primaryimage\",\"url\":\"https:\\\/\\\/betterstudy.ch\\\/wp-content\\\/uploads\\\/2020\\\/03\\\/architecture-22039_1920.jpg\",\"contentUrl\":\"https:\\\/\\\/betterstudy.ch\\\/wp-content\\\/uploads\\\/2020\\\/03\\\/architecture-22039_1920.jpg\",\"width\":1600,\"height\":1066},{\"@type\":\"WebSite\",\"@id\":\"https:\\\/\\\/betterstudy.ch\\\/de\\\/#website\",\"url\":\"https:\\\/\\\/betterstudy.ch\\\/de\\\/\",\"name\":\"BetterStudy Formation en ligne\",\"description\":\"Formation en ligne cours de finance et comptabilit\u00e9\",\"publisher\":{\"@id\":\"https:\\\/\\\/betterstudy.ch\\\/de\\\/#organization\"},\"potentialAction\":[{\"@type\":\"SearchAction\",\"target\":{\"@type\":\"EntryPoint\",\"urlTemplate\":\"https:\\\/\\\/betterstudy.ch\\\/de\\\/?s={search_term_string}\"},\"query-input\":{\"@type\":\"PropertyValueSpecification\",\"valueRequired\":true,\"valueName\":\"search_term_string\"}}],\"inLanguage\":\"de-CH\"},{\"@type\":\"Organization\",\"@id\":\"https:\\\/\\\/betterstudy.ch\\\/de\\\/#organization\",\"name\":\"BetterStudy\",\"url\":\"https:\\\/\\\/betterstudy.ch\\\/de\\\/\",\"logo\":{\"@type\":\"ImageObject\",\"inLanguage\":\"de-CH\",\"@id\":\"https:\\\/\\\/betterstudy.ch\\\/de\\\/#\\\/schema\\\/logo\\\/image\\\/\",\"url\":\"https:\\\/\\\/betterstudy.ch\\\/wp-content\\\/uploads\\\/2020\\\/05\\\/betterstudy-logo-site.png\",\"contentUrl\":\"https:\\\/\\\/betterstudy.ch\\\/wp-content\\\/uploads\\\/2020\\\/05\\\/betterstudy-logo-site.png\",\"width\":134,\"height\":43,\"caption\":\"BetterStudy\"},\"image\":{\"@id\":\"https:\\\/\\\/betterstudy.ch\\\/de\\\/#\\\/schema\\\/logo\\\/image\\\/\"},\"sameAs\":[\"https:\\\/\\\/www.facebook.com\\\/BetterStudy\\\/\",\"https:\\\/\\\/x.com\\\/betterstudych\",\"https:\\\/\\\/www.instagram.com\\\/betterstudy_online_course\\\/\",\"https:\\\/\\\/www.linkedin.com\\\/school\\\/betterstudy-cours-en-ligne\\\/\",\"https:\\\/\\\/www.youtube.com\\\/user\\\/betterstudy\"]},{\"@type\":\"Person\",\"@id\":\"https:\\\/\\\/betterstudy.ch\\\/de\\\/#\\\/schema\\\/person\\\/2bef5da90845682ae750c6bec319e991\",\"name\":\"Christophe Rieder\",\"image\":{\"@type\":\"ImageObject\",\"inLanguage\":\"de-CH\",\"@id\":\"https:\\\/\\\/secure.gravatar.com\\\/avatar\\\/1d6a84ec7f72e217f241f793b830739f7ecf9700fc353b7e9a4a621aed41b128?s=96&d=mm&r=g\",\"url\":\"https:\\\/\\\/secure.gravatar.com\\\/avatar\\\/1d6a84ec7f72e217f241f793b830739f7ecf9700fc353b7e9a4a621aed41b128?s=96&d=mm&r=g\",\"contentUrl\":\"https:\\\/\\\/secure.gravatar.com\\\/avatar\\\/1d6a84ec7f72e217f241f793b830739f7ecf9700fc353b7e9a4a621aed41b128?s=96&d=mm&r=g\",\"caption\":\"Christophe Rieder\"},\"description\":\"Titulaire du Master of Science HES-SO in Business Administration obtenu \u00e0 HEG-Fribourg et du Dipl\u00f4me f\u00e9d\u00e9ral d'Enseignant de la formation professionnelle, Christophe Rieder est le Fondateur et Directeur de l'institut de formation professionnelle en ligne BetterStudy. Christophe est aussi Ma\u00eetre d'enseignement en gestion d'entreprise \u00e0 l'Ecole sup\u00e9rieure de commerce \u00e0 l'Etat de Gen\u00e8ve. Avant de se r\u00e9orienter dans le domaine de la formation, Christophe a travaill\u00e9 4 ans dans la gestion de fortune \u00e0 Gen\u00e8ve. Pendant son temps libre, Christophe fait de la guitare et joue aux \u00e9checs, il aime aussi sortir et voyager.\",\"sameAs\":[\"https:\\\/\\\/www.linkedin.com\\\/in\\\/christopherieder\\\/\"]}]}<\/script>\n<!-- \/ Yoast SEO plugin. -->","yoast_head_json":{"title":"Gehalt oder Dividende: Die weitere Herausforderung der RFFA-Reform &#8212; BetterStudy Formation en ligne","description":"RFFA-Reform f\u00f6rdert Dividenden, fordert L\u00f6hne.","robots":{"index":"index","follow":"follow","max-snippet":"max-snippet:-1","max-image-preview":"max-image-preview:large","max-video-preview":"max-video-preview:-1"},"canonical":"https:\/\/betterstudy.ch\/de\/ausbildung-in-buchhaltung-und-rechnungswesen\/umfassender-leitfaden-buchhaltung\/salaire-dividende-autre-defi-reforme-rffa\/","og_locale":"de_DE","og_type":"article","og_title":"Gehalt oder Dividende: Die weitere Herausforderung der RFFA-Reform &#8212; BetterStudy Formation en ligne","og_description":"RFFA-Reform f\u00f6rdert Dividenden, fordert L\u00f6hne.","og_url":"https:\/\/betterstudy.ch\/de\/ausbildung-in-buchhaltung-und-rechnungswesen\/umfassender-leitfaden-buchhaltung\/salaire-dividende-autre-defi-reforme-rffa\/","og_site_name":"BetterStudy Formation en ligne","article_publisher":"https:\/\/www.facebook.com\/BetterStudy\/","article_published_time":"2025-07-03T14:03:42+00:00","article_modified_time":"2025-07-03T14:03:54+00:00","og_image":[{"width":1565,"height":378,"url":"https:\/\/betterstudy.ch\/wp-content\/uploads\/2020\/03\/logo.png","type":"image\/png"}],"author":"Christophe Rieder","twitter_card":"summary_large_image","twitter_creator":"@betterstudych","twitter_site":"@betterstudych","twitter_misc":{"Geschrieben von":"Christophe Rieder","Gesch\u00e4tzte Lesezeit":"6\u00a0Minuten"},"schema":{"@context":"https:\/\/schema.org","@graph":[{"@type":"Article","@id":"https:\/\/betterstudy.ch\/de\/ausbildung-in-buchhaltung-und-rechnungswesen\/umfassender-leitfaden-buchhaltung\/salaire-dividende-autre-defi-reforme-rffa\/#article","isPartOf":{"@id":"https:\/\/betterstudy.ch\/de\/ausbildung-in-buchhaltung-und-rechnungswesen\/umfassender-leitfaden-buchhaltung\/salaire-dividende-autre-defi-reforme-rffa\/"},"author":{"name":"Christophe Rieder","@id":"https:\/\/betterstudy.ch\/de\/#\/schema\/person\/2bef5da90845682ae750c6bec319e991"},"headline":"Gehalt oder Dividende: Die weitere Herausforderung der RFFA-Reform","datePublished":"2025-07-03T14:03:42+00:00","dateModified":"2025-07-03T14:03:54+00:00","mainEntityOfPage":{"@id":"https:\/\/betterstudy.ch\/de\/ausbildung-in-buchhaltung-und-rechnungswesen\/umfassender-leitfaden-buchhaltung\/salaire-dividende-autre-defi-reforme-rffa\/"},"wordCount":1299,"publisher":{"@id":"https:\/\/betterstudy.ch\/de\/#organization"},"image":{"@id":"https:\/\/betterstudy.ch\/de\/ausbildung-in-buchhaltung-und-rechnungswesen\/umfassender-leitfaden-buchhaltung\/salaire-dividende-autre-defi-reforme-rffa\/#primaryimage"},"thumbnailUrl":"https:\/\/betterstudy.ch\/wp-content\/uploads\/2020\/03\/architecture-22039_1920.jpg","keywords":["AHV","Berufliche Vorsorge","Besteuerung","Besteuerung","Dividende","entreprise","KMU","salaire","Steuern"],"articleSection":["Umfassender leitfaden buchhaltung"],"inLanguage":"de-CH"},{"@type":"WebPage","@id":"https:\/\/betterstudy.ch\/de\/ausbildung-in-buchhaltung-und-rechnungswesen\/umfassender-leitfaden-buchhaltung\/salaire-dividende-autre-defi-reforme-rffa\/","url":"https:\/\/betterstudy.ch\/de\/ausbildung-in-buchhaltung-und-rechnungswesen\/umfassender-leitfaden-buchhaltung\/salaire-dividende-autre-defi-reforme-rffa\/","name":"Gehalt oder Dividende: Die weitere Herausforderung der RFFA-Reform &#8212; BetterStudy Formation en ligne","isPartOf":{"@id":"https:\/\/betterstudy.ch\/de\/#website"},"primaryImageOfPage":{"@id":"https:\/\/betterstudy.ch\/de\/ausbildung-in-buchhaltung-und-rechnungswesen\/umfassender-leitfaden-buchhaltung\/salaire-dividende-autre-defi-reforme-rffa\/#primaryimage"},"image":{"@id":"https:\/\/betterstudy.ch\/de\/ausbildung-in-buchhaltung-und-rechnungswesen\/umfassender-leitfaden-buchhaltung\/salaire-dividende-autre-defi-reforme-rffa\/#primaryimage"},"thumbnailUrl":"https:\/\/betterstudy.ch\/wp-content\/uploads\/2020\/03\/architecture-22039_1920.jpg","datePublished":"2025-07-03T14:03:42+00:00","dateModified":"2025-07-03T14:03:54+00:00","description":"RFFA-Reform f\u00f6rdert Dividenden, fordert L\u00f6hne.","inLanguage":"de-CH","potentialAction":[{"@type":"ReadAction","target":["https:\/\/betterstudy.ch\/de\/ausbildung-in-buchhaltung-und-rechnungswesen\/umfassender-leitfaden-buchhaltung\/salaire-dividende-autre-defi-reforme-rffa\/"]}]},{"@type":"ImageObject","inLanguage":"de-CH","@id":"https:\/\/betterstudy.ch\/de\/ausbildung-in-buchhaltung-und-rechnungswesen\/umfassender-leitfaden-buchhaltung\/salaire-dividende-autre-defi-reforme-rffa\/#primaryimage","url":"https:\/\/betterstudy.ch\/wp-content\/uploads\/2020\/03\/architecture-22039_1920.jpg","contentUrl":"https:\/\/betterstudy.ch\/wp-content\/uploads\/2020\/03\/architecture-22039_1920.jpg","width":1600,"height":1066},{"@type":"WebSite","@id":"https:\/\/betterstudy.ch\/de\/#website","url":"https:\/\/betterstudy.ch\/de\/","name":"BetterStudy Formation en ligne","description":"Formation en ligne cours de finance et comptabilit\u00e9","publisher":{"@id":"https:\/\/betterstudy.ch\/de\/#organization"},"potentialAction":[{"@type":"SearchAction","target":{"@type":"EntryPoint","urlTemplate":"https:\/\/betterstudy.ch\/de\/?s={search_term_string}"},"query-input":{"@type":"PropertyValueSpecification","valueRequired":true,"valueName":"search_term_string"}}],"inLanguage":"de-CH"},{"@type":"Organization","@id":"https:\/\/betterstudy.ch\/de\/#organization","name":"BetterStudy","url":"https:\/\/betterstudy.ch\/de\/","logo":{"@type":"ImageObject","inLanguage":"de-CH","@id":"https:\/\/betterstudy.ch\/de\/#\/schema\/logo\/image\/","url":"https:\/\/betterstudy.ch\/wp-content\/uploads\/2020\/05\/betterstudy-logo-site.png","contentUrl":"https:\/\/betterstudy.ch\/wp-content\/uploads\/2020\/05\/betterstudy-logo-site.png","width":134,"height":43,"caption":"BetterStudy"},"image":{"@id":"https:\/\/betterstudy.ch\/de\/#\/schema\/logo\/image\/"},"sameAs":["https:\/\/www.facebook.com\/BetterStudy\/","https:\/\/x.com\/betterstudych","https:\/\/www.instagram.com\/betterstudy_online_course\/","https:\/\/www.linkedin.com\/school\/betterstudy-cours-en-ligne\/","https:\/\/www.youtube.com\/user\/betterstudy"]},{"@type":"Person","@id":"https:\/\/betterstudy.ch\/de\/#\/schema\/person\/2bef5da90845682ae750c6bec319e991","name":"Christophe Rieder","image":{"@type":"ImageObject","inLanguage":"de-CH","@id":"https:\/\/secure.gravatar.com\/avatar\/1d6a84ec7f72e217f241f793b830739f7ecf9700fc353b7e9a4a621aed41b128?s=96&d=mm&r=g","url":"https:\/\/secure.gravatar.com\/avatar\/1d6a84ec7f72e217f241f793b830739f7ecf9700fc353b7e9a4a621aed41b128?s=96&d=mm&r=g","contentUrl":"https:\/\/secure.gravatar.com\/avatar\/1d6a84ec7f72e217f241f793b830739f7ecf9700fc353b7e9a4a621aed41b128?s=96&d=mm&r=g","caption":"Christophe Rieder"},"description":"Titulaire du Master of Science HES-SO in Business Administration obtenu \u00e0 HEG-Fribourg et du Dipl\u00f4me f\u00e9d\u00e9ral d'Enseignant de la formation professionnelle, Christophe Rieder est le Fondateur et Directeur de l'institut de formation professionnelle en ligne BetterStudy. Christophe est aussi Ma\u00eetre d'enseignement en gestion d'entreprise \u00e0 l'Ecole sup\u00e9rieure de commerce \u00e0 l'Etat de Gen\u00e8ve. Avant de se r\u00e9orienter dans le domaine de la formation, Christophe a travaill\u00e9 4 ans dans la gestion de fortune \u00e0 Gen\u00e8ve. Pendant son temps libre, Christophe fait de la guitare et joue aux \u00e9checs, il aime aussi sortir et voyager.","sameAs":["https:\/\/www.linkedin.com\/in\/christopherieder\/"]}]}},"uagb_featured_image_src":{"full":["https:\/\/betterstudy.ch\/wp-content\/uploads\/2020\/03\/architecture-22039_1920.jpg",1600,1066,false],"thumbnail":["https:\/\/betterstudy.ch\/wp-content\/uploads\/2020\/03\/architecture-22039_1920-150x150.jpg",150,150,true],"medium":["https:\/\/betterstudy.ch\/wp-content\/uploads\/2020\/03\/architecture-22039_1920-300x200.jpg",300,200,true],"medium_large":["https:\/\/betterstudy.ch\/wp-content\/uploads\/2020\/03\/architecture-22039_1920-768x512.jpg",640,427,true],"large":["https:\/\/betterstudy.ch\/wp-content\/uploads\/2020\/03\/architecture-22039_1920-1024x682.jpg",640,426,true],"1536x1536":["https:\/\/betterstudy.ch\/wp-content\/uploads\/2020\/03\/architecture-22039_1920-1536x1023.jpg",1536,1023,true],"2048x2048":["https:\/\/betterstudy.ch\/wp-content\/uploads\/2020\/03\/architecture-22039_1920.jpg",1600,1066,false],"archive-thumb":["https:\/\/betterstudy.ch\/wp-content\/uploads\/2020\/03\/architecture-22039_1920.jpg",450,300,false],"woocommerce_thumbnail":["https:\/\/betterstudy.ch\/wp-content\/uploads\/2020\/03\/architecture-22039_1920-410x308.jpg",410,308,true],"woocommerce_single":["https:\/\/betterstudy.ch\/wp-content\/uploads\/2020\/03\/architecture-22039_1920-600x400.jpg",600,400,true],"woocommerce_gallery_thumbnail":["https:\/\/betterstudy.ch\/wp-content\/uploads\/2020\/03\/architecture-22039_1920-100x100.jpg",100,100,true],"variation_swatches_image_size":["https:\/\/betterstudy.ch\/wp-content\/uploads\/2020\/03\/architecture-22039_1920.jpg",50,33,false],"variation_swatches_tooltip_size":["https:\/\/betterstudy.ch\/wp-content\/uploads\/2020\/03\/architecture-22039_1920.jpg",100,67,false]},"uagb_author_info":{"display_name":"Christophe Rieder","author_link":"https:\/\/betterstudy.ch\/de\/author\/chris\/"},"uagb_comment_info":0,"uagb_excerpt":"Un projet de la r\u00e9forme fiscale a \u00e9t\u00e9 soumis le 19 mai aux citoyens. Une initiative qui peut encourager les petites et moyennes entreprises en Suisse \u00e0 accorder plus de bonus et \u00e0 cotiser plus \u00e0 la pr\u00e9voyance [&hellip;]","_links":{"self":[{"href":"https:\/\/betterstudy.ch\/de\/wp-json\/wp\/v2\/posts\/53586","targetHints":{"allow":["GET"]}}],"collection":[{"href":"https:\/\/betterstudy.ch\/de\/wp-json\/wp\/v2\/posts"}],"about":[{"href":"https:\/\/betterstudy.ch\/de\/wp-json\/wp\/v2\/types\/post"}],"author":[{"embeddable":true,"href":"https:\/\/betterstudy.ch\/de\/wp-json\/wp\/v2\/users\/2"}],"replies":[{"embeddable":true,"href":"https:\/\/betterstudy.ch\/de\/wp-json\/wp\/v2\/comments?post=53586"}],"version-history":[{"count":0,"href":"https:\/\/betterstudy.ch\/de\/wp-json\/wp\/v2\/posts\/53586\/revisions"}],"wp:featuredmedia":[{"embeddable":true,"href":"https:\/\/betterstudy.ch\/de\/wp-json\/wp\/v2\/media\/691"}],"wp:attachment":[{"href":"https:\/\/betterstudy.ch\/de\/wp-json\/wp\/v2\/media?parent=53586"}],"wp:term":[{"taxonomy":"category","embeddable":true,"href":"https:\/\/betterstudy.ch\/de\/wp-json\/wp\/v2\/categories?post=53586"},{"taxonomy":"post_tag","embeddable":true,"href":"https:\/\/betterstudy.ch\/de\/wp-json\/wp\/v2\/tags?post=53586"}],"curies":[{"name":"wp","href":"https:\/\/api.w.org\/{rel}","templated":true}]}}