{"id":53571,"date":"2025-07-03T15:51:35","date_gmt":"2025-07-03T13:51:35","guid":{"rendered":"https:\/\/betterstudy.ch\/unkategorisiert\/initiative-no-billag-consequences-tva\/"},"modified":"2025-07-03T15:51:46","modified_gmt":"2025-07-03T13:51:46","slug":"initiative-no-billag-consequences-tva","status":"publish","type":"post","link":"https:\/\/betterstudy.ch\/de\/ausbildung-in-buchhaltung-und-rechnungswesen\/umfassender-leitfaden-buchhaltung\/initiative-no-billag-consequences-tva\/","title":{"rendered":"Initiative \u201eNo Billag\u201c: Mehrwertsteuer-Konsequenzen!"},"content":{"rendered":"<p>Regarder la t\u00e9l\u00e9vision, que ce soit de mani\u00e8re r\u00e9guli\u00e8re ou occasionnelle, repr\u00e9sente encore aujourd\u2019hui certainement une des activit\u00e9s de d\u00e9tente les plus populaires. Cette activit\u00e9 n\u2019\u00e9tant pas gratuite, il peut \u00eatre int\u00e9ressant pour le consommateur de prendre connaissance, ci-apr\u00e8s, des principales modifications concernant la redevance radio et t\u00e9l\u00e9vision qui sont entr\u00e9es en vigueur au 1<sup>er\u00a0<\/sup>janvier 2019 en Suisse.<\/p>\n<p>Jusqu\u2019au 31 d\u00e9cembre 2018,\u00a0la Conf\u00e9d\u00e9ration suisse, par le biais de l\u2019Office f\u00e9d\u00e9ral de la communication (OFCOM), percevait une redevance annuelle de radio et de t\u00e9l\u00e9vision aupr\u00e8s de chaque m\u00e9nage suisse. Jusqu\u2019\u00e0 cette date du 31 d\u00e9cembre 2018, la soci\u00e9t\u00e9 Billag SA \u00e9tait alors l\u2019organisme officiellement mandat\u00e9 par l\u2019OFCOM pour percevoir cette redevance, pour le compte de l\u2019OFCOM, aupr\u00e8s des m\u00e9nages suisses et en fonction de la possession par ces derniers d\u2019appareils t\u00e9l\u00e9viseurs ou radio-\u00e9metteurs. Cette redevance avait pour but principal de financer le service public suisse t\u00e9l\u00e9visuel et audiovisuel au moyen de subventions (exemples\u00a0: SRG SSR, radios locales).<\/p>\n<p>Suite \u00e0 la votation f\u00e9d\u00e9rale du 4 mars 2018 sur l\u2019initiative populaire f\u00e9d\u00e9rale intitul\u00e9e \u00abOui \u00e0 la suppression des redevances radio et t\u00e9l\u00e9vision\u00bb, g\u00e9n\u00e9ralement plus connue sous le nom de \u00abNo Billag\u00bb, qui a \u00e9t\u00e9 refus\u00e9e par 71,6% du peuple suisse, le mandat de la soci\u00e9t\u00e9 de perception Billag SA a pris fin. L\u2019objectif du comit\u00e9 qui avait d\u00e9pos\u00e9 cette initiative populaire \u00e9tait de supprimer la redevance de radio et t\u00e9l\u00e9vision en vue de stopper le financement du paysage t\u00e9l\u00e9visuel et audiovisuel public dans le but de promouvoir ainsi la concurrence et de baisser les tarifs pour le consommateur final. La gestion et les tarifs appliqu\u00e9s par la soci\u00e9t\u00e9 Billag SA ont, pour rappel, toujours fait l\u2019objet de nombreuses critiques par le pass\u00e9. A titre d\u2019exemple, on peut notamment \u00e9voquer la probl\u00e9matique TVA. En effet, il faut savoir que Billag SA a pr\u00e9lev\u00e9 \u00e0 tort pendant des ann\u00e9es une TVA au taux r\u00e9duit de 2,5% notamment. Suite \u00e0 une d\u00e9cision du Tribunal f\u00e9d\u00e9ral, la soci\u00e9t\u00e9 Billag SA a \u00e9t\u00e9 condamn\u00e9e \u00e0 rembourser aux consommateurs cette TVA pr\u00e9lev\u00e9e de mani\u00e8re ill\u00e9gale depuis le 1<sup>er\u00a0<\/sup>janvier 2010 jusqu\u2019au 15 juin 2015.<\/p>\n<p>A partir du 1<sup>er\u00a0<\/sup>janvier 2019,\u00a0la redevance, qui a \u00e9t\u00e9 maintenue suite la votation populaire du 4 mars 2018, est d\u00e9sormais encaiss\u00e9e par la Conf\u00e9d\u00e9ration selon un nouveau syst\u00e8me de perception :<\/p>\n<h2><strong>M\u00e9nages suisses<\/strong><\/h2>\n<p>La redevance annuelle s\u2019\u00e9l\u00e8ve \u00e0 CHF 365.-. Il s\u2019agit d\u2019un montant fixe dont le calcul ne d\u00e9pend plus du nombre d\u2019appareils t\u00e9l\u00e9viseurs ou radio-\u00e9metteurs poss\u00e9d\u00e9s par m\u00e9nage. Avec cette nouvelle redevance, chaque m\u00e9nage suisse paiera CHF 86.- de moins que par le pass\u00e9. La soci\u00e9t\u00e9 Serafe SA est le nouvel organisme qui sera charg\u00e9 de pr\u00e9lever la redevance pour le compte de l\u2019OFCOM. Certains m\u00e9nages sont exempt\u00e9s du paiement de la redevance (b\u00e9n\u00e9ficiaires de prestations compl\u00e9mentaires \u00e0 la rente AVS ou AI, diplomates, m\u00e9nages compos\u00e9s uniquement de sourds\/aveugles).<\/p>\n<h2><strong>M\u00e9nages collectifs<\/strong><\/h2>\n<p>Une redevance annuelle de CHF 730.- est per\u00e7ue aupr\u00e8s d\u2019entit\u00e9s et \u00e9tablissements particuliers d\u00e9sign\u00e9s comme \u00abm\u00e9nages collectifs\u00bb par la Conf\u00e9d\u00e9ration (exemples\u00a0: h\u00f4pitaux, maisons de retraite, EMS, foyers d\u2019\u00e9tudiants, prisons, centres de requ\u00e9rants d\u2019asile). La soci\u00e9t\u00e9 Serafe SA sera \u00e9galement charg\u00e9e de percevoir la redevance radio et t\u00e9l\u00e9vision aupr\u00e8s de ces m\u00e9nages dits collectifs.<\/p>\n<h2><strong>Entreprises<\/strong><\/h2>\n<p>La redevance de radio et t\u00e9l\u00e9vision d\u00e9pend du chiffre d\u2019affaires. L\u2019Administration f\u00e9d\u00e9rale des contributions (AFC), qui est \u00e0 ce jour l\u2019organisme qui poss\u00e8de les donn\u00e9es les plus fiables et actualis\u00e9es sur les chiffres d\u2019affaires r\u00e9alis\u00e9s par les entreprises suisses, a \u00e9t\u00e9 mandat\u00e9e par la Conf\u00e9d\u00e9ration pour percevoir la redevance aupr\u00e8s des entreprises, comme suit\u00a0:<\/p>\n<ul>\n<li>Les entreprises assujetties TVA, ayant leur si\u00e8ge social, domicile ou un \u00e9tablissement stable en Suisse (entreprises suisses ou \u00e9trang\u00e8res), doivent payer la redevance annuelle d\u00e8s que leur chiffre d\u2019affaires annuel (r\u00e9alis\u00e9 \u00e0 l\u2019\u00e9chelle mondiale) d\u00e9passe la limite de CHF 500&#8217;000.- Le chiffre d\u2019affaire total doit \u00eatre pris en compte, sans distinction aucune de la composition et de la nature des revenus (exemple : les chiffres d\u2019affaires exempt\u00e9s de TVA ou exclus selon la loi TVA sont \u00e9galement pris en compte).<\/li>\n<li>Le montant de la redevance varie de CHF 365.- \u00e0 CHF 35&#8217;590.- par ann\u00e9e, en fonction de six paliers de chiffre d&#8217;affaires. Les paliers de chiffres d\u2019affaires et le montant de la redevance sont les suivants :<\/li>\n<\/ul>\n<table style=\"width: 450px; margin-left: auto; margin-right: auto;\" cellpadding=\"5px;\">\n<tbody>\n<tr>\n<td style=\"border-width: 1px; border-style: solid; text-align: center; background-color: #eeeeee;\">Chiffre d&#8217;affaires (CHF)<\/td>\n<td style=\"border-width: 1px; border-style: solid; text-align: center; background-color: #eeeeee;\">Tarif\/ann\u00e9e (CHF)<\/td>\n<\/tr>\n<tr>\n<td style=\"border-width: 1px; border-style: solid;\">Jusqu&#8217;\u00e0 499&#8217;999<\/td>\n<td style=\"border-width: 1px; border-style: solid; text-align: right;\">0<\/td>\n<\/tr>\n<tr>\n<td style=\"border-width: 1px; border-style: solid;\">500&#8217;000 &#8211; 999&#8217;999<\/td>\n<td style=\"border-width: 1px; border-style: solid; text-align: right;\">365<\/td>\n<\/tr>\n<tr>\n<td style=\"border-width: 1px; border-style: solid;\">1&#8217;000&#8217;000 &#8211; 4&#8217;999&#8217;999<\/td>\n<td style=\"border-width: 1px; border-style: solid; text-align: right;\">910<\/td>\n<\/tr>\n<tr>\n<td style=\"border-width: 1px; border-style: solid;\">5&#8217;000&#8217;000 &#8211; 19&#8217;999&#8217;999<\/td>\n<td style=\"border-width: 1px; border-style: solid; text-align: right;\">2&#8217;280<\/td>\n<\/tr>\n<tr>\n<td style=\"border-width: 1px; border-style: solid;\">20&#8217;000&#8217;000 &#8211; 99&#8217;999&#8217;999<\/td>\n<td style=\"border-width: 1px; border-style: solid; text-align: right;\">5&#8217;750<\/td>\n<\/tr>\n<tr>\n<td style=\"border-width: 1px; border-style: solid;\">100&#8217;000&#8217;000 &#8211; 999&#8217;999&#8217;999<\/td>\n<td style=\"border-width: 1px; border-style: solid; text-align: right;\">14&#8217;240<\/td>\n<\/tr>\n<tr>\n<td style=\"border-width: 1px; border-style: solid;\">\u00c0 partir de 1&#8217;000&#8217;000&#8217;000<\/td>\n<td style=\"border-width: 1px; border-style: solid; text-align: right;\">35&#8217;590<\/td>\n<\/tr>\n<\/tbody>\n<\/table>\n<ul>\n<li>Les entreprises sans si\u00e8ge, domicile ou \u00e9tablissement stable en Suisse ne sont pas soumises \u00e0 la redevance.<\/li>\n<li>Les entreprises assujetties \u00e0 la TVA qui r\u00e9alisent un chiffre d&#8217;affaires total (r\u00e9alis\u00e9 \u00e0 l\u2019\u00e9chelle mondiale) inf\u00e9rieur \u00e0 CHF 500\u00a0000.- ne sont pas assujetties \u00e0 la redevance.<\/li>\n<li>Lors de la r\u00e9alisation d\u2019un chiffre d&#8217;affaires compris entre CHF 500&#8217;000.- et CHF 1&#8217;000&#8217;000.- (cette fourchette correspond au palier de chiffre d\u2019affaires et \u00e0 la cat\u00e9gorie tarifaire les plus bas), une entreprise assujettie TVA qui a r\u00e9alis\u00e9 pour l\u2019ann\u00e9e \u00e9coul\u00e9e une perte nette ou un b\u00e9n\u00e9fice net inf\u00e9rieur \u00e0 CHF 3\u2019650.- pourra se faire rembourser la redevance l&#8217;ann\u00e9e suivante, \u00e0 la condition que l\u2019entreprise ait pay\u00e9 cette redevance de CHF 365.- durant l\u2019ann\u00e9e \u00e9coul\u00e9e.<\/li>\n<li>Les entreprises qui font partie d\u2019un groupe pourront \u00eatre tax\u00e9es ensemble pour la perception de la redevance. Le groupe devra toutefois comprendre au moins 30 entreprises. Les services autonomes d&#8217;une collectivit\u00e9 publique assujettis \u00e0 la TVA peuvent aussi se regrouper et \u00eatre tax\u00e9s ensemble. Les r\u00e8gles qui r\u00e9gissent la constitution de ces groupes sont semblables \u00e0 celles qui r\u00e9gissent les groupes TVA. Il est donc possible de constituer un groupe uniquement dans le but de la perception de la redevance de radio et t\u00e9l\u00e9vision.<\/li>\n<li>Le chiffre d&#8217;affaires total de l&#8217;ann\u00e9e pr\u00e9c\u00e9dente servira de base de calcul pour la redevance. Une entreprise assujettie TVA est ainsi soumise \u00e0 la redevance l&#8217;ann\u00e9e suivant celle au cours de laquelle elle a atteint pour la premi\u00e8re fois le seuil de chiffre d&#8217;affaires d\u00e9terminant. Par cons\u00e9quent, si une entreprise r\u00e9alise un chiffre d&#8217;affaires annuel de CHF 500&#8217;000.- ou plus pendant une ann\u00e9e, elle sera assujettie \u00e0 la redevance l&#8217;exercice suivant. Exceptionnellement, le chiffre d&#8217;affaires d\u00e9terminant pour l&#8217;ann\u00e9e du changement de syst\u00e8me, c&#8217;est-\u00e0-dire 2019, est le chiffre d\u2019affaires r\u00e9alis\u00e9 en 2017.<\/li>\n<li>En 2019, les factures annuelles seront envoy\u00e9es entre janvier et f\u00e9vrier puis, \u00e0 partir de 2020, entre f\u00e9vrier et octobre.<\/li>\n<\/ul>\n<p>Finalement, il faut savoir que la nouvelle redevance de radio et t\u00e9l\u00e9vision n&#8217;est pas soumise \u00e0 la <a href=\"https:\/\/betterstudy.ch\/formation-comptabilite\/certificat-specialiste-tva\/\">TVA<\/a> !<\/p>\n","protected":false},"excerpt":{"rendered":"<p>Regarder la t\u00e9l\u00e9vision, que ce soit de mani\u00e8re r\u00e9guli\u00e8re ou occasionnelle, repr\u00e9sente encore aujourd\u2019hui certainement une des activit\u00e9s de d\u00e9tente les plus populaires. Cette activit\u00e9 n\u2019\u00e9tant pas gratuite, il peut \u00eatre int\u00e9ressant pour le consommateur de prendre connaissance, [&hellip;]<\/p>\n","protected":false},"author":2,"featured_media":95,"comment_status":"closed","ping_status":"closed","sticky":false,"template":"","format":"standard","meta":{"content-type":"","_uag_custom_page_level_css":"","footnotes":""},"categories":[1443],"tags":[1834,1446,1687,1571,1851,1852],"class_list":["post-53571","post","type-post","status-publish","format-standard","has-post-thumbnail","hentry","category-umfassender-leitfaden-buchhaltung","tag-besteuerung-de-2","tag-comptabilite-de","tag-finance-de","tag-mehrwertsteuer","tag-no-billag-de","tag-rundfunkgebuhr"],"yoast_head":"<!-- This site is optimized with the Yoast SEO plugin v27.4 - https:\/\/yoast.com\/product\/yoast-seo-wordpress\/ -->\n<title>Initiative \u201eNo Billag\u201c: Mehrwertsteuer-Konsequenzen! &#8212; BetterStudy Formation en ligne<\/title>\n<meta name=\"description\" content=\"Regelm\u00e4ssiges oder gelegentliches Fernsehen ist auch heute noch eine der beliebtesten Freizeitaktivit\u00e4ten.\" \/>\n<meta name=\"robots\" content=\"index, follow, max-snippet:-1, max-image-preview:large, max-video-preview:-1\" \/>\n<link rel=\"canonical\" href=\"https:\/\/betterstudy.ch\/de\/ausbildung-in-buchhaltung-und-rechnungswesen\/umfassender-leitfaden-buchhaltung\/initiative-no-billag-consequences-tva\/\" \/>\n<meta property=\"og:locale\" content=\"de_DE\" \/>\n<meta property=\"og:type\" content=\"article\" \/>\n<meta property=\"og:title\" content=\"Initiative \u201eNo Billag\u201c: Mehrwertsteuer-Konsequenzen! &#8212; BetterStudy Formation en ligne\" \/>\n<meta property=\"og:description\" content=\"Regelm\u00e4ssiges oder gelegentliches Fernsehen ist auch heute noch eine der beliebtesten Freizeitaktivit\u00e4ten.\" \/>\n<meta property=\"og:url\" content=\"https:\/\/betterstudy.ch\/de\/ausbildung-in-buchhaltung-und-rechnungswesen\/umfassender-leitfaden-buchhaltung\/initiative-no-billag-consequences-tva\/\" \/>\n<meta property=\"og:site_name\" content=\"BetterStudy Formation en ligne\" \/>\n<meta property=\"article:publisher\" content=\"https:\/\/www.facebook.com\/BetterStudy\/\" \/>\n<meta property=\"article:published_time\" content=\"2025-07-03T13:51:35+00:00\" \/>\n<meta property=\"article:modified_time\" content=\"2025-07-03T13:51:46+00:00\" \/>\n<meta property=\"og:image\" content=\"https:\/\/betterstudy.ch\/wp-content\/uploads\/2020\/03\/tv-1844964_1920.jpg\" \/>\n\t<meta property=\"og:image:width\" content=\"1600\" \/>\n\t<meta property=\"og:image:height\" content=\"1068\" \/>\n\t<meta property=\"og:image:type\" content=\"image\/jpeg\" \/>\n<meta name=\"author\" content=\"Christophe Rieder\" \/>\n<meta name=\"twitter:card\" content=\"summary_large_image\" \/>\n<meta name=\"twitter:creator\" content=\"@betterstudych\" \/>\n<meta name=\"twitter:site\" content=\"@betterstudych\" \/>\n<meta name=\"twitter:label1\" content=\"Geschrieben von\" \/>\n\t<meta name=\"twitter:data1\" content=\"Christophe Rieder\" \/>\n\t<meta name=\"twitter:label2\" content=\"Gesch\u00e4tzte Lesezeit\" \/>\n\t<meta name=\"twitter:data2\" content=\"6\u00a0Minuten\" \/>\n<script type=\"application\/ld+json\" class=\"yoast-schema-graph\">{\"@context\":\"https:\\\/\\\/schema.org\",\"@graph\":[{\"@type\":\"Article\",\"@id\":\"https:\\\/\\\/betterstudy.ch\\\/de\\\/ausbildung-in-buchhaltung-und-rechnungswesen\\\/umfassender-leitfaden-buchhaltung\\\/initiative-no-billag-consequences-tva\\\/#article\",\"isPartOf\":{\"@id\":\"https:\\\/\\\/betterstudy.ch\\\/de\\\/ausbildung-in-buchhaltung-und-rechnungswesen\\\/umfassender-leitfaden-buchhaltung\\\/initiative-no-billag-consequences-tva\\\/\"},\"author\":{\"name\":\"Christophe Rieder\",\"@id\":\"https:\\\/\\\/betterstudy.ch\\\/de\\\/#\\\/schema\\\/person\\\/2bef5da90845682ae750c6bec319e991\"},\"headline\":\"Initiative \u201eNo Billag\u201c: Mehrwertsteuer-Konsequenzen!\",\"datePublished\":\"2025-07-03T13:51:35+00:00\",\"dateModified\":\"2025-07-03T13:51:46+00:00\",\"mainEntityOfPage\":{\"@id\":\"https:\\\/\\\/betterstudy.ch\\\/de\\\/ausbildung-in-buchhaltung-und-rechnungswesen\\\/umfassender-leitfaden-buchhaltung\\\/initiative-no-billag-consequences-tva\\\/\"},\"wordCount\":1220,\"publisher\":{\"@id\":\"https:\\\/\\\/betterstudy.ch\\\/de\\\/#organization\"},\"image\":{\"@id\":\"https:\\\/\\\/betterstudy.ch\\\/de\\\/ausbildung-in-buchhaltung-und-rechnungswesen\\\/umfassender-leitfaden-buchhaltung\\\/initiative-no-billag-consequences-tva\\\/#primaryimage\"},\"thumbnailUrl\":\"https:\\\/\\\/betterstudy.ch\\\/wp-content\\\/uploads\\\/2020\\\/03\\\/tv-1844964_1920.jpg\",\"keywords\":[\"Besteuerung\",\"comptabilit\u00e9\",\"finance\",\"Mehrwertsteuer\",\"no billag\",\"Rundfunkgeb\u00fchr\"],\"articleSection\":[\"Umfassender leitfaden buchhaltung\"],\"inLanguage\":\"de-CH\"},{\"@type\":\"WebPage\",\"@id\":\"https:\\\/\\\/betterstudy.ch\\\/de\\\/ausbildung-in-buchhaltung-und-rechnungswesen\\\/umfassender-leitfaden-buchhaltung\\\/initiative-no-billag-consequences-tva\\\/\",\"url\":\"https:\\\/\\\/betterstudy.ch\\\/de\\\/ausbildung-in-buchhaltung-und-rechnungswesen\\\/umfassender-leitfaden-buchhaltung\\\/initiative-no-billag-consequences-tva\\\/\",\"name\":\"Initiative \u201eNo Billag\u201c: Mehrwertsteuer-Konsequenzen! &#8212; BetterStudy Formation en ligne\",\"isPartOf\":{\"@id\":\"https:\\\/\\\/betterstudy.ch\\\/de\\\/#website\"},\"primaryImageOfPage\":{\"@id\":\"https:\\\/\\\/betterstudy.ch\\\/de\\\/ausbildung-in-buchhaltung-und-rechnungswesen\\\/umfassender-leitfaden-buchhaltung\\\/initiative-no-billag-consequences-tva\\\/#primaryimage\"},\"image\":{\"@id\":\"https:\\\/\\\/betterstudy.ch\\\/de\\\/ausbildung-in-buchhaltung-und-rechnungswesen\\\/umfassender-leitfaden-buchhaltung\\\/initiative-no-billag-consequences-tva\\\/#primaryimage\"},\"thumbnailUrl\":\"https:\\\/\\\/betterstudy.ch\\\/wp-content\\\/uploads\\\/2020\\\/03\\\/tv-1844964_1920.jpg\",\"datePublished\":\"2025-07-03T13:51:35+00:00\",\"dateModified\":\"2025-07-03T13:51:46+00:00\",\"description\":\"Regelm\u00e4ssiges oder gelegentliches Fernsehen ist auch heute noch eine der beliebtesten Freizeitaktivit\u00e4ten.\",\"inLanguage\":\"de-CH\",\"potentialAction\":[{\"@type\":\"ReadAction\",\"target\":[\"https:\\\/\\\/betterstudy.ch\\\/de\\\/ausbildung-in-buchhaltung-und-rechnungswesen\\\/umfassender-leitfaden-buchhaltung\\\/initiative-no-billag-consequences-tva\\\/\"]}]},{\"@type\":\"ImageObject\",\"inLanguage\":\"de-CH\",\"@id\":\"https:\\\/\\\/betterstudy.ch\\\/de\\\/ausbildung-in-buchhaltung-und-rechnungswesen\\\/umfassender-leitfaden-buchhaltung\\\/initiative-no-billag-consequences-tva\\\/#primaryimage\",\"url\":\"https:\\\/\\\/betterstudy.ch\\\/wp-content\\\/uploads\\\/2020\\\/03\\\/tv-1844964_1920.jpg\",\"contentUrl\":\"https:\\\/\\\/betterstudy.ch\\\/wp-content\\\/uploads\\\/2020\\\/03\\\/tv-1844964_1920.jpg\",\"width\":1600,\"height\":1068},{\"@type\":\"WebSite\",\"@id\":\"https:\\\/\\\/betterstudy.ch\\\/de\\\/#website\",\"url\":\"https:\\\/\\\/betterstudy.ch\\\/de\\\/\",\"name\":\"BetterStudy Formation en ligne\",\"description\":\"Formation en ligne cours de finance et comptabilit\u00e9\",\"publisher\":{\"@id\":\"https:\\\/\\\/betterstudy.ch\\\/de\\\/#organization\"},\"potentialAction\":[{\"@type\":\"SearchAction\",\"target\":{\"@type\":\"EntryPoint\",\"urlTemplate\":\"https:\\\/\\\/betterstudy.ch\\\/de\\\/?s={search_term_string}\"},\"query-input\":{\"@type\":\"PropertyValueSpecification\",\"valueRequired\":true,\"valueName\":\"search_term_string\"}}],\"inLanguage\":\"de-CH\"},{\"@type\":\"Organization\",\"@id\":\"https:\\\/\\\/betterstudy.ch\\\/de\\\/#organization\",\"name\":\"BetterStudy\",\"url\":\"https:\\\/\\\/betterstudy.ch\\\/de\\\/\",\"logo\":{\"@type\":\"ImageObject\",\"inLanguage\":\"de-CH\",\"@id\":\"https:\\\/\\\/betterstudy.ch\\\/de\\\/#\\\/schema\\\/logo\\\/image\\\/\",\"url\":\"https:\\\/\\\/betterstudy.ch\\\/wp-content\\\/uploads\\\/2020\\\/05\\\/betterstudy-logo-site.png\",\"contentUrl\":\"https:\\\/\\\/betterstudy.ch\\\/wp-content\\\/uploads\\\/2020\\\/05\\\/betterstudy-logo-site.png\",\"width\":134,\"height\":43,\"caption\":\"BetterStudy\"},\"image\":{\"@id\":\"https:\\\/\\\/betterstudy.ch\\\/de\\\/#\\\/schema\\\/logo\\\/image\\\/\"},\"sameAs\":[\"https:\\\/\\\/www.facebook.com\\\/BetterStudy\\\/\",\"https:\\\/\\\/x.com\\\/betterstudych\",\"https:\\\/\\\/www.instagram.com\\\/betterstudy_online_course\\\/\",\"https:\\\/\\\/www.linkedin.com\\\/school\\\/betterstudy-cours-en-ligne\\\/\",\"https:\\\/\\\/www.youtube.com\\\/user\\\/betterstudy\"]},{\"@type\":\"Person\",\"@id\":\"https:\\\/\\\/betterstudy.ch\\\/de\\\/#\\\/schema\\\/person\\\/2bef5da90845682ae750c6bec319e991\",\"name\":\"Christophe Rieder\",\"image\":{\"@type\":\"ImageObject\",\"inLanguage\":\"de-CH\",\"@id\":\"https:\\\/\\\/secure.gravatar.com\\\/avatar\\\/1d6a84ec7f72e217f241f793b830739f7ecf9700fc353b7e9a4a621aed41b128?s=96&d=mm&r=g\",\"url\":\"https:\\\/\\\/secure.gravatar.com\\\/avatar\\\/1d6a84ec7f72e217f241f793b830739f7ecf9700fc353b7e9a4a621aed41b128?s=96&d=mm&r=g\",\"contentUrl\":\"https:\\\/\\\/secure.gravatar.com\\\/avatar\\\/1d6a84ec7f72e217f241f793b830739f7ecf9700fc353b7e9a4a621aed41b128?s=96&d=mm&r=g\",\"caption\":\"Christophe Rieder\"},\"description\":\"Titulaire du Master of Science HES-SO in Business Administration obtenu \u00e0 HEG-Fribourg et du Dipl\u00f4me f\u00e9d\u00e9ral d'Enseignant de la formation professionnelle, Christophe Rieder est le Fondateur et Directeur de l'institut de formation professionnelle en ligne BetterStudy. Christophe est aussi Ma\u00eetre d'enseignement en gestion d'entreprise \u00e0 l'Ecole sup\u00e9rieure de commerce \u00e0 l'Etat de Gen\u00e8ve. Avant de se r\u00e9orienter dans le domaine de la formation, Christophe a travaill\u00e9 4 ans dans la gestion de fortune \u00e0 Gen\u00e8ve. Pendant son temps libre, Christophe fait de la guitare et joue aux \u00e9checs, il aime aussi sortir et voyager.\",\"sameAs\":[\"https:\\\/\\\/www.linkedin.com\\\/in\\\/christopherieder\\\/\"]}]}<\/script>\n<!-- \/ Yoast SEO plugin. -->","yoast_head_json":{"title":"Initiative \u201eNo Billag\u201c: Mehrwertsteuer-Konsequenzen! &#8212; BetterStudy Formation en ligne","description":"Regelm\u00e4ssiges oder gelegentliches Fernsehen ist auch heute noch eine der beliebtesten Freizeitaktivit\u00e4ten.","robots":{"index":"index","follow":"follow","max-snippet":"max-snippet:-1","max-image-preview":"max-image-preview:large","max-video-preview":"max-video-preview:-1"},"canonical":"https:\/\/betterstudy.ch\/de\/ausbildung-in-buchhaltung-und-rechnungswesen\/umfassender-leitfaden-buchhaltung\/initiative-no-billag-consequences-tva\/","og_locale":"de_DE","og_type":"article","og_title":"Initiative \u201eNo Billag\u201c: Mehrwertsteuer-Konsequenzen! &#8212; BetterStudy Formation en ligne","og_description":"Regelm\u00e4ssiges oder gelegentliches Fernsehen ist auch heute noch eine der beliebtesten Freizeitaktivit\u00e4ten.","og_url":"https:\/\/betterstudy.ch\/de\/ausbildung-in-buchhaltung-und-rechnungswesen\/umfassender-leitfaden-buchhaltung\/initiative-no-billag-consequences-tva\/","og_site_name":"BetterStudy Formation en ligne","article_publisher":"https:\/\/www.facebook.com\/BetterStudy\/","article_published_time":"2025-07-03T13:51:35+00:00","article_modified_time":"2025-07-03T13:51:46+00:00","og_image":[{"width":1600,"height":1068,"url":"https:\/\/betterstudy.ch\/wp-content\/uploads\/2020\/03\/tv-1844964_1920.jpg","type":"image\/jpeg"}],"author":"Christophe Rieder","twitter_card":"summary_large_image","twitter_creator":"@betterstudych","twitter_site":"@betterstudych","twitter_misc":{"Geschrieben von":"Christophe Rieder","Gesch\u00e4tzte Lesezeit":"6\u00a0Minuten"},"schema":{"@context":"https:\/\/schema.org","@graph":[{"@type":"Article","@id":"https:\/\/betterstudy.ch\/de\/ausbildung-in-buchhaltung-und-rechnungswesen\/umfassender-leitfaden-buchhaltung\/initiative-no-billag-consequences-tva\/#article","isPartOf":{"@id":"https:\/\/betterstudy.ch\/de\/ausbildung-in-buchhaltung-und-rechnungswesen\/umfassender-leitfaden-buchhaltung\/initiative-no-billag-consequences-tva\/"},"author":{"name":"Christophe Rieder","@id":"https:\/\/betterstudy.ch\/de\/#\/schema\/person\/2bef5da90845682ae750c6bec319e991"},"headline":"Initiative \u201eNo Billag\u201c: Mehrwertsteuer-Konsequenzen!","datePublished":"2025-07-03T13:51:35+00:00","dateModified":"2025-07-03T13:51:46+00:00","mainEntityOfPage":{"@id":"https:\/\/betterstudy.ch\/de\/ausbildung-in-buchhaltung-und-rechnungswesen\/umfassender-leitfaden-buchhaltung\/initiative-no-billag-consequences-tva\/"},"wordCount":1220,"publisher":{"@id":"https:\/\/betterstudy.ch\/de\/#organization"},"image":{"@id":"https:\/\/betterstudy.ch\/de\/ausbildung-in-buchhaltung-und-rechnungswesen\/umfassender-leitfaden-buchhaltung\/initiative-no-billag-consequences-tva\/#primaryimage"},"thumbnailUrl":"https:\/\/betterstudy.ch\/wp-content\/uploads\/2020\/03\/tv-1844964_1920.jpg","keywords":["Besteuerung","comptabilit\u00e9","finance","Mehrwertsteuer","no billag","Rundfunkgeb\u00fchr"],"articleSection":["Umfassender leitfaden buchhaltung"],"inLanguage":"de-CH"},{"@type":"WebPage","@id":"https:\/\/betterstudy.ch\/de\/ausbildung-in-buchhaltung-und-rechnungswesen\/umfassender-leitfaden-buchhaltung\/initiative-no-billag-consequences-tva\/","url":"https:\/\/betterstudy.ch\/de\/ausbildung-in-buchhaltung-und-rechnungswesen\/umfassender-leitfaden-buchhaltung\/initiative-no-billag-consequences-tva\/","name":"Initiative \u201eNo Billag\u201c: Mehrwertsteuer-Konsequenzen! &#8212; BetterStudy Formation en ligne","isPartOf":{"@id":"https:\/\/betterstudy.ch\/de\/#website"},"primaryImageOfPage":{"@id":"https:\/\/betterstudy.ch\/de\/ausbildung-in-buchhaltung-und-rechnungswesen\/umfassender-leitfaden-buchhaltung\/initiative-no-billag-consequences-tva\/#primaryimage"},"image":{"@id":"https:\/\/betterstudy.ch\/de\/ausbildung-in-buchhaltung-und-rechnungswesen\/umfassender-leitfaden-buchhaltung\/initiative-no-billag-consequences-tva\/#primaryimage"},"thumbnailUrl":"https:\/\/betterstudy.ch\/wp-content\/uploads\/2020\/03\/tv-1844964_1920.jpg","datePublished":"2025-07-03T13:51:35+00:00","dateModified":"2025-07-03T13:51:46+00:00","description":"Regelm\u00e4ssiges oder gelegentliches Fernsehen ist auch heute noch eine der beliebtesten Freizeitaktivit\u00e4ten.","inLanguage":"de-CH","potentialAction":[{"@type":"ReadAction","target":["https:\/\/betterstudy.ch\/de\/ausbildung-in-buchhaltung-und-rechnungswesen\/umfassender-leitfaden-buchhaltung\/initiative-no-billag-consequences-tva\/"]}]},{"@type":"ImageObject","inLanguage":"de-CH","@id":"https:\/\/betterstudy.ch\/de\/ausbildung-in-buchhaltung-und-rechnungswesen\/umfassender-leitfaden-buchhaltung\/initiative-no-billag-consequences-tva\/#primaryimage","url":"https:\/\/betterstudy.ch\/wp-content\/uploads\/2020\/03\/tv-1844964_1920.jpg","contentUrl":"https:\/\/betterstudy.ch\/wp-content\/uploads\/2020\/03\/tv-1844964_1920.jpg","width":1600,"height":1068},{"@type":"WebSite","@id":"https:\/\/betterstudy.ch\/de\/#website","url":"https:\/\/betterstudy.ch\/de\/","name":"BetterStudy Formation en ligne","description":"Formation en ligne cours de finance et comptabilit\u00e9","publisher":{"@id":"https:\/\/betterstudy.ch\/de\/#organization"},"potentialAction":[{"@type":"SearchAction","target":{"@type":"EntryPoint","urlTemplate":"https:\/\/betterstudy.ch\/de\/?s={search_term_string}"},"query-input":{"@type":"PropertyValueSpecification","valueRequired":true,"valueName":"search_term_string"}}],"inLanguage":"de-CH"},{"@type":"Organization","@id":"https:\/\/betterstudy.ch\/de\/#organization","name":"BetterStudy","url":"https:\/\/betterstudy.ch\/de\/","logo":{"@type":"ImageObject","inLanguage":"de-CH","@id":"https:\/\/betterstudy.ch\/de\/#\/schema\/logo\/image\/","url":"https:\/\/betterstudy.ch\/wp-content\/uploads\/2020\/05\/betterstudy-logo-site.png","contentUrl":"https:\/\/betterstudy.ch\/wp-content\/uploads\/2020\/05\/betterstudy-logo-site.png","width":134,"height":43,"caption":"BetterStudy"},"image":{"@id":"https:\/\/betterstudy.ch\/de\/#\/schema\/logo\/image\/"},"sameAs":["https:\/\/www.facebook.com\/BetterStudy\/","https:\/\/x.com\/betterstudych","https:\/\/www.instagram.com\/betterstudy_online_course\/","https:\/\/www.linkedin.com\/school\/betterstudy-cours-en-ligne\/","https:\/\/www.youtube.com\/user\/betterstudy"]},{"@type":"Person","@id":"https:\/\/betterstudy.ch\/de\/#\/schema\/person\/2bef5da90845682ae750c6bec319e991","name":"Christophe Rieder","image":{"@type":"ImageObject","inLanguage":"de-CH","@id":"https:\/\/secure.gravatar.com\/avatar\/1d6a84ec7f72e217f241f793b830739f7ecf9700fc353b7e9a4a621aed41b128?s=96&d=mm&r=g","url":"https:\/\/secure.gravatar.com\/avatar\/1d6a84ec7f72e217f241f793b830739f7ecf9700fc353b7e9a4a621aed41b128?s=96&d=mm&r=g","contentUrl":"https:\/\/secure.gravatar.com\/avatar\/1d6a84ec7f72e217f241f793b830739f7ecf9700fc353b7e9a4a621aed41b128?s=96&d=mm&r=g","caption":"Christophe Rieder"},"description":"Titulaire du Master of Science HES-SO in Business Administration obtenu \u00e0 HEG-Fribourg et du Dipl\u00f4me f\u00e9d\u00e9ral d'Enseignant de la formation professionnelle, Christophe Rieder est le Fondateur et Directeur de l'institut de formation professionnelle en ligne BetterStudy. Christophe est aussi Ma\u00eetre d'enseignement en gestion d'entreprise \u00e0 l'Ecole sup\u00e9rieure de commerce \u00e0 l'Etat de Gen\u00e8ve. Avant de se r\u00e9orienter dans le domaine de la formation, Christophe a travaill\u00e9 4 ans dans la gestion de fortune \u00e0 Gen\u00e8ve. Pendant son temps libre, Christophe fait de la guitare et joue aux \u00e9checs, il aime aussi sortir et voyager.","sameAs":["https:\/\/www.linkedin.com\/in\/christopherieder\/"]}]}},"uagb_featured_image_src":{"full":["https:\/\/betterstudy.ch\/wp-content\/uploads\/2020\/03\/tv-1844964_1920.jpg",1600,1068,false],"thumbnail":["https:\/\/betterstudy.ch\/wp-content\/uploads\/2020\/03\/tv-1844964_1920-150x150.jpg",150,150,true],"medium":["https:\/\/betterstudy.ch\/wp-content\/uploads\/2020\/03\/tv-1844964_1920-300x200.jpg",300,200,true],"medium_large":["https:\/\/betterstudy.ch\/wp-content\/uploads\/2020\/03\/tv-1844964_1920-768x513.jpg",640,428,true],"large":["https:\/\/betterstudy.ch\/wp-content\/uploads\/2020\/03\/tv-1844964_1920-1024x684.jpg",640,428,true],"1536x1536":["https:\/\/betterstudy.ch\/wp-content\/uploads\/2020\/03\/tv-1844964_1920-1536x1025.jpg",1536,1025,true],"2048x2048":["https:\/\/betterstudy.ch\/wp-content\/uploads\/2020\/03\/tv-1844964_1920.jpg",1600,1068,false],"archive-thumb":["https:\/\/betterstudy.ch\/wp-content\/uploads\/2020\/03\/tv-1844964_1920.jpg",450,300,false],"woocommerce_thumbnail":["https:\/\/betterstudy.ch\/wp-content\/uploads\/2020\/03\/tv-1844964_1920-410x308.jpg",410,308,true],"woocommerce_single":["https:\/\/betterstudy.ch\/wp-content\/uploads\/2020\/03\/tv-1844964_1920-600x401.jpg",600,401,true],"woocommerce_gallery_thumbnail":["https:\/\/betterstudy.ch\/wp-content\/uploads\/2020\/03\/tv-1844964_1920-100x100.jpg",100,100,true],"variation_swatches_image_size":["https:\/\/betterstudy.ch\/wp-content\/uploads\/2020\/03\/tv-1844964_1920.jpg",50,33,false],"variation_swatches_tooltip_size":["https:\/\/betterstudy.ch\/wp-content\/uploads\/2020\/03\/tv-1844964_1920.jpg",100,67,false]},"uagb_author_info":{"display_name":"Christophe Rieder","author_link":"https:\/\/betterstudy.ch\/de\/author\/chris\/"},"uagb_comment_info":0,"uagb_excerpt":"Regarder la t\u00e9l\u00e9vision, que ce soit de mani\u00e8re r\u00e9guli\u00e8re ou occasionnelle, repr\u00e9sente encore aujourd\u2019hui certainement une des activit\u00e9s de d\u00e9tente les plus populaires. Cette activit\u00e9 n\u2019\u00e9tant pas gratuite, il peut \u00eatre int\u00e9ressant pour le consommateur de prendre connaissance, [&hellip;]","_links":{"self":[{"href":"https:\/\/betterstudy.ch\/de\/wp-json\/wp\/v2\/posts\/53571","targetHints":{"allow":["GET"]}}],"collection":[{"href":"https:\/\/betterstudy.ch\/de\/wp-json\/wp\/v2\/posts"}],"about":[{"href":"https:\/\/betterstudy.ch\/de\/wp-json\/wp\/v2\/types\/post"}],"author":[{"embeddable":true,"href":"https:\/\/betterstudy.ch\/de\/wp-json\/wp\/v2\/users\/2"}],"replies":[{"embeddable":true,"href":"https:\/\/betterstudy.ch\/de\/wp-json\/wp\/v2\/comments?post=53571"}],"version-history":[{"count":0,"href":"https:\/\/betterstudy.ch\/de\/wp-json\/wp\/v2\/posts\/53571\/revisions"}],"wp:featuredmedia":[{"embeddable":true,"href":"https:\/\/betterstudy.ch\/de\/wp-json\/wp\/v2\/media\/95"}],"wp:attachment":[{"href":"https:\/\/betterstudy.ch\/de\/wp-json\/wp\/v2\/media?parent=53571"}],"wp:term":[{"taxonomy":"category","embeddable":true,"href":"https:\/\/betterstudy.ch\/de\/wp-json\/wp\/v2\/categories?post=53571"},{"taxonomy":"post_tag","embeddable":true,"href":"https:\/\/betterstudy.ch\/de\/wp-json\/wp\/v2\/tags?post=53571"}],"curies":[{"name":"wp","href":"https:\/\/api.w.org\/{rel}","templated":true}]}}