{"id":53564,"date":"2025-07-03T15:48:28","date_gmt":"2025-07-03T13:48:28","guid":{"rendered":"https:\/\/betterstudy.ch\/unkategorisiert\/tva-changements-daffectation\/"},"modified":"2025-07-03T15:48:28","modified_gmt":"2025-07-03T13:48:28","slug":"tva-changements-daffectation","status":"publish","type":"post","link":"https:\/\/betterstudy.ch\/de\/ausbildung-in-buchhaltung-und-rechnungswesen\/umfassender-leitfaden-buchhaltung\/tva-changements-daffectation\/","title":{"rendered":"Mehrwertsteuer: Nutzungs\u00e4nderungen"},"content":{"rendered":"<p>Um das Thema Vorsteuer (entdecken Sie unsere Artikel zum <a href=\"https:\/\/betterstudy.ch\/formation-comptabilite\/guide-complet-comptabilite\/tva-deduction-de-limpot-prealable\/\" target=\"_blank\" rel=\"noopener\">Vorsteuerabzug<\/a> und zur <a href=\"https:\/\/betterstudy.ch\/formation-comptabilite\/guide-complet-comptabilite\/tva-correction-de-deduction-de-limpot-prealable\/\" target=\"_blank\" rel=\"noopener\">Korrektur des Vorsteuerabzugs<\/a>) abzuschlie\u00dfen, hier ein letzter Artikel, der sich mit der Problematik der Nutzungs\u00e4nderungen befasst.<\/p>\n<p>F\u00fcr die Bestimmung einer Nutzungs\u00e4nderung sind die folgenden beiden Elemente entscheidend:<\/p>\n<ul>\n<li>a. Werden die G\u00fcter oder Dienstleistungen im Rahmen einer unternehmerischen T\u00e4tigkeit verwendet, die zum Vorsteuerabzug berechtigt? <\/li>\n<li>b. Haben sich die Nutzungsanteile eines Gutes oder einer Leistung von einer zum Vorsteuerabzug berechtigenden T\u00e4tigkeit zu einer ausgeschlossenen T\u00e4tigkeit ge\u00e4ndert? <\/li>\n<\/ul>\n<p>In diesem Artikel erfahren Sie, was eine vollst\u00e4ndige Nutzungs\u00e4nderung mit der effektiven Bestimmungsmethode ist, zum Beispiel wenn ein Gut zu 100 % vom steuerpflichtigen Bereich in den zu 100 % ausgeschlossenen Bereich wechselt.<\/p>\n<p>Es gibt jedoch komplexere Situationen und Berechnungen bei teilweisen Nutzungs\u00e4nderungen oder vor\u00fcbergehender Nutzung von G\u00fctern. All dies wird ausf\u00fchrlich in <a href=\"https:\/\/betterstudy.ch\/formation-comptabilite\/certificat-specialiste-tva\/\">unserem vollst\u00e4ndigen Mehrwertsteuerkurs<\/a> erkl\u00e4rt. <\/p>\n<h2>Nutzungs\u00e4nderungen<\/h2>\n<p>Nutzungs\u00e4nderungen sind eng mit dem Vorsteuerabzug (=VStA) sowie der Korrektur des Vorsteuerabzugs (=ReVStA) verbunden.<\/p>\n<p>Vereinfacht ausgedr\u00fcckt, ist unter dem Begriff \u201eNutzungs\u00e4nderung\u201c Folgendes zu verstehen:<\/p>\n<p>Sobald sich der Nutzungsanteil eines Gutes oder einer Dienstleistung (= Aufwand, Investition) von einem Jahr zum n\u00e4chsten im Unternehmen \u00e4ndert (\u00c4nderung des Nutzungsverh\u00e4ltnisses in % zwischen ausgeschlossenem Umsatz und steuerbarem Umsatz), kann eine Nutzungs\u00e4nderung mit einer Vorsteuerkorrektur erfolgen.<\/p>\n<p>Es gibt zwei Arten von Nutzungs\u00e4nderungen:<\/p>\n<ul>\n<li>Eigenleistung (=EL)<\/li>\n<li>nachtr\u00e4gliche Vorsteuerentlastung (=NVE)<\/li>\n<\/ul>\n<p>Aus Sicht der Mehrwertsteuer f\u00fchren Nutzungs\u00e4nderungen unter bestimmten Bedingungen zu einer Korrektur des Vorsteuerabzugs. Diese Korrektur erfolgt, wenn: <\/p>\n<ul>\n<li>die Bedingungen f\u00fcr den Vorsteuerabzug erst sp\u00e4ter erf\u00fcllt werden (= nachtr\u00e4gliche Vorsteuerentlastung)<\/li>\n<\/ul>\n<p>oder<\/p>\n<ul>\n<li>wenn die Bedingungen f\u00fcr den Vorsteuerabzug nach ihrer Erf\u00fcllung entfallen (= Eigenleistung)<\/li>\n<\/ul>\n<h2>1. Nachtr\u00e4gliche Vorsteuerentlastung (=NVE)<\/h2>\n<p>Werden G\u00fcter oder Dienstleistungen fortan im Rahmen einer unternehmerischen T\u00e4tigkeit verwendet, die zum Vorsteuerabzug berechtigt, kann diese Nutzungs\u00e4nderung zu einem nachtr\u00e4glichen, vollst\u00e4ndigen oder teilweisen Vorsteuerabzug f\u00fchren (Korrektur des Vorsteuerabzugs als nachtr\u00e4gliche Vorsteuerentlastung).<\/p>\n<p><strong><em>Beispiel:<\/em><\/strong><\/p>\n<p>Ein Gesch\u00e4ftsmann gr\u00fcndet am 1.<sup> <\/sup>Februar 2015 eine Gesellschaft, deren Zweck der Bau eines Gesch\u00e4ftsgeb\u00e4udes und dessen sp\u00e4tere Verwaltung ist. Die Baukosten des Geb\u00e4udes, die in der Bilanz der Gesellschaft aktiviert werden, belaufen sich auf CHF 10&#8217;000&#8217;000.- (inkl. 8,0 % MwSt.). Der Abschluss der Bauarbeiten ist der 31. Oktober 2015. Die erste Nutzung (Einzug der Mieter) ist der 1.<sup> <\/sup>November 2015. Da die Gesch\u00e4ftsr\u00e4ume des Geb\u00e4udes zu 100 % ohne Mehrwertsteuer vermietet werden (ausgeschlossene Ums\u00e4tze), wurde vom Eigent\u00fcmer kein Vorsteuerabzug auf die Baukosten geltend gemacht.    <\/p>\n<p>Am 1.<sup> <\/sup>November 2018, Strategiewechsel: Der Eigent\u00fcmer-Gesch\u00e4ftsmann beschlie\u00dft, alle Mieten der Gesch\u00e4ftsr\u00e4ume mit Mehrwertsteuer zu optieren. Der Status des Geb\u00e4udes \u00e4ndert sich somit von einer zu 100 % nicht zum Vorsteuerabzug berechtigenden unternehmerischen T\u00e4tigkeit (ausgeschlossene Ums\u00e4tze) zu einer zu 100 % zum Vorsteuerabzug berechtigenden unternehmerischen T\u00e4tigkeit (optierte Ums\u00e4tze). Eine nachtr\u00e4gliche Vorsteuerentlastung (NVE) kann somit am 1.<sup> <\/sup>November 2018 vorgenommen werden, d.h. die auf die Baukosten entfallende Vorsteuer kann auf ihren Restwert nach Abschreibung abgezogen werden. Es handelt sich hierbei um eine vollst\u00e4ndige Nutzungs\u00e4nderung (100 % \u00dcbergang vom ausgeschlossenen zum steuerbaren Bereich).   <\/p>\n<p>Bei Immobilien ist eine lineare Abschreibung von 5 % pro Jahr zu ber\u00fccksichtigen. Bei der Berechnung des Restwerts ist auch zu ber\u00fccksichtigen, dass f\u00fcr die erste Steuerperiode der Nutzung der Leistungen eine vollst\u00e4ndige Abschreibung f\u00fcr die gesamte Steuerperiode berechnet werden muss. Hingegen ist f\u00fcr die letzte noch nicht abgelaufene Steuerperiode keine Abschreibung bei der Berechnung des Restwerts zu ber\u00fccksichtigen, au\u00dfer in Ausnahmef\u00e4llen, in denen die Nutzungs\u00e4nderung am letzten Tag der Steuerperiode erfolgt (Art. 70 Abs. 2 und Art. 73 Abs. 2 MWSTV). Im vorliegenden Fall muss eine vollst\u00e4ndige Abschreibung f\u00fcr die Jahre 2015, 2016 und 2017 bei der Berechnung des Restwerts ber\u00fccksichtigt werden. Die Nutzungs\u00e4nderung erfolgt am 1.<sup> <\/sup>November 2018. Es gibt nur eine Nutzungs\u00e4nderung von 2015 bis 2018. Die Berechnung des Restwerts der abzugsf\u00e4higen Vorsteuer als NVE am 1.<sup> <\/sup>November 2018 lautet somit wie folgt:      <\/p>\n<table style=\"height: 252px; width: 607px; margin-left: auto; margin-right: auto;\">\n<tbody>\n<tr>\n<td style=\"background-color: #c2c2c2;\"><strong>NVE am 01.11.2018<\/strong><\/td>\n<td style=\"background-color: #c2c2c2; text-align: right;\"><strong>CHF<\/strong><\/td>\n<\/tr>\n<tr>\n<td style=\"width: 394.859375px;\">Geb\u00e4udekosten (inkl. 8,0% MwSt.)<\/td>\n<td style=\"width: 198.140625px; text-align: right;\">10&#8217;000&#8217;000,00<\/td>\n<\/tr>\n<tr>\n<td style=\"width: 394.859375px;\">Geb\u00e4udekosten (ohne MwSt.)<\/td>\n<td style=\"width: 198.140625px; text-align: right;\">9&#8217;259&#8217;259,26<\/td>\n<\/tr>\n<tr>\n<td style=\"width: 394.859375px;\">Nicht zur\u00fcckgeforderte MwSt. 8,0%<\/td>\n<td style=\"width: 198.140625px; text-align: right;\">740&#8217;740,74<\/td>\n<\/tr>\n<tr>\n<td style=\"width: 394.859375px;\">.\/. 5% Abschreibung 2015<\/td>\n<td style=\"width: 198.140625px; text-align: right;\"><span style=\"color: #ff0000;\">-37&#8217;037,04<\/span><\/td>\n<\/tr>\n<tr>\n<td style=\"width: 394.859375px;\">.\/. 5% Abschreibung 2016<\/td>\n<td style=\"width: 198.140625px; text-align: right;\"><span style=\"color: #ff0000;\">-37&#8217;037,04<\/span><\/td>\n<\/tr>\n<tr>\n<td style=\"width: 394.859375px;\">.\/. 5% Abschreibung 2017<\/td>\n<td style=\"width: 198.140625px; text-align: right;\"><span style=\"color: #ff0000;\">-37&#8217;037,04<\/span><\/td>\n<\/tr>\n<tr>\n<td style=\"width: 394.859375px;\">2018: keine Abschreibung<\/td>\n<td style=\"width: 198.140625px; text-align: right;\">0,00<\/td>\n<\/tr>\n<tr>\n<td style=\"background-color: #cdffc7;\">Abzugsf\u00e4hige Vorsteuer 01.11.2018<\/td>\n<td style=\"background-color: #cdffc7; text-align: right;\">629&#8217;629,63<\/td>\n<\/tr>\n<\/tbody>\n<\/table>\n<p>Die Korrektur des Vorsteuerabzugs als nachtr\u00e4gliche Vorsteuerentlastung ist das Gegenst\u00fcck zur Korrektur des Vorsteuerabzugs als Eigenleistung. Sie beseitigt jede Steuerlast im Rahmen von unternehmerischen T\u00e4tigkeiten, die zum Vorsteuerabzug berechtigen. Die Wertminderung (d.h. die Abschreibungen im Sinne von <em>Art. 32 Abs. 2 MWSTG <\/em>) wird ber\u00fccksichtigt.<\/p>\n<p>Eine Korrektur des Vorsteuerabzugs ist im Rahmen der nachtr\u00e4glichen Vorsteuerentlastung (NVE) vorzusehen, wenn:<\/p>\n<ul>\n<li>Der Steuerpflichtige beim Erwerb der G\u00fcter und Dienstleistungen keinen Vorsteuerabzug vorgenommen hat (die Vorsteueranteile, die zun\u00e4chst als Eigenleistung korrigiert wurden, sind gegebenenfalls zu ber\u00fccksichtigen)<\/li>\n<li>Die zu entlastenden G\u00fcter und Dienstleistungen werden zuk\u00fcnftig im Rahmen der unternehmerischen T\u00e4tigkeit verwendet, die zum Vorsteuerabzug berechtigt<\/li>\n<\/ul>\n<h2>2. Eigenleistung (=EL)<\/h2>\n<p>Werden G\u00fcter oder Dienstleistungen nicht mehr im Rahmen einer unternehmerischen T\u00e4tigkeit verwendet, die zum Vorsteuerabzug berechtigt, kann diese Nutzungs\u00e4nderung zu einer nachtr\u00e4glichen, vollst\u00e4ndigen oder teilweisen Korrektur des bereits vorgenommenen Vorsteuerabzugs f\u00fchren (Korrektur des Vorsteuerabzugs als Eigenleistung).<\/p>\n<p><strong><em>Beispiel:<\/em><\/strong><\/p>\n<p>Ein Gesch\u00e4ftsmann gr\u00fcndet am 1.<sup> <\/sup>Februar 2015 eine Gesellschaft, deren Zweck der Bau eines Gesch\u00e4ftsgeb\u00e4udes und dessen sp\u00e4tere Verwaltung ist. Die Baukosten des Geb\u00e4udes, die in der Bilanz der Gesellschaft aktiviert werden, belaufen sich auf CHF 10&#8217;000&#8217;000.- (inkl. 8,0 % MwSt.). Der Abschluss der Bauarbeiten ist der 31. Oktober 2015. Die erste Nutzung (Einzug der Mieter) ist der 1.<sup> <\/sup>November 2015. Da die Gesch\u00e4ftsr\u00e4ume des Geb\u00e4udes zu 100 % mit Mehrwertsteuer vermietet werden (optierte Ums\u00e4tze, also steuerbar), wurden 100 % der Vorsteuer vom Eigent\u00fcmer auf die Baukosten zur\u00fcckgefordert.    <\/p>\n<p>Am 1.<sup> <\/sup>November 2018, Strategiewechsel: Der Eigent\u00fcmer-Gesch\u00e4ftsmann beschlie\u00dft, alle Gesch\u00e4ftsr\u00e4ume neu ohne Mehrwertsteuer zu vermieten (ausgeschlossene Ums\u00e4tze). Der Status des Geb\u00e4udes \u00e4ndert sich somit von einer zu 100 % zum Vorsteuerabzug berechtigenden unternehmerischen T\u00e4tigkeit (optierte Ums\u00e4tze) zu einer zu 100 % nicht zum Vorsteuerabzug berechtigenden unternehmerischen T\u00e4tigkeit (ausgeschlossene Ums\u00e4tze). Eine Eigenleistung (EL) muss somit zwingend am 1.<sup> <\/sup>November 2018 vorgenommen werden, d.h. die Vorsteuer, die auf die Baukosten zur\u00fcckgefordert wurde, muss auf den Restwert nach Abschreibungen korrigiert werden. Es handelt sich hierbei um eine vollst\u00e4ndige Nutzungs\u00e4nderung (100 % \u00dcbergang vom steuerbaren zum ausgeschlossenen Bereich).   <\/p>\n<p>Bei Immobilien ist eine lineare Abschreibung von 5 % pro Jahr zu ber\u00fccksichtigen. Bei der Berechnung des Restwerts ist zu ber\u00fccksichtigen, dass f\u00fcr die erste Steuerperiode der Nutzung der Leistungen eine vollst\u00e4ndige Abschreibung f\u00fcr die gesamte Steuerperiode berechnet werden muss. Hingegen ist f\u00fcr die letzte noch nicht abgelaufene Steuerperiode keine Abschreibung bei der Berechnung des Restwerts zu ber\u00fccksichtigen, au\u00dfer in Ausnahmef\u00e4llen, in denen die Nutzungs\u00e4nderung am letzten Tag der Steuerperiode erfolgt (Art. 70 Abs. 2 und Art. 73 Abs. 2 MWSTV). Im vorliegenden Fall muss eine vollst\u00e4ndige Abschreibung f\u00fcr die Jahre 2015, 2016 und 2017 bei der Berechnung des Restwerts ber\u00fccksichtigt werden. Die Nutzungs\u00e4nderung erfolgt am 1.<sup> <\/sup>November 2018. Es gibt nur eine Nutzungs\u00e4nderung von 2015 bis 2018. Die Berechnung des Restwerts der an die ESTV zur\u00fcckzuzahlenden Vorsteuer als EL am 1.<sup> <\/sup>November 2018 lautet somit wie folgt:      <\/p>\n<table style=\"width: 617px; margin-left: auto; margin-right: auto;\">\n<tbody>\n<tr>\n<td style=\"background-color: #c2c2c2;\"><strong>EL am 01.11.2018<\/strong><\/td>\n<td style=\"background-color: #c2c2c2; text-align: right;\"><strong>CHF<\/strong><\/td>\n<\/tr>\n<tr>\n<td style=\"width: 419.046875px;\">Geb\u00e4udekosten (inkl. 8,0% MwSt.)<\/td>\n<td style=\"width: 189.953125px; text-align: right;\">10&#8217;000&#8217;000,00<\/td>\n<\/tr>\n<tr>\n<td style=\"width: 419.046875px;\">Geb\u00e4udekosten (ohne MwSt.)<\/td>\n<td style=\"width: 189.953125px; text-align: right;\">9&#8217;259&#8217;259,26<\/td>\n<\/tr>\n<tr>\n<td style=\"width: 419.046875px;\">Beim Bau zur\u00fcckgeforderte MwSt. 8,0%<\/td>\n<td style=\"width: 189.953125px; text-align: right;\">740&#8217;740,74<\/td>\n<\/tr>\n<tr>\n<td style=\"width: 419.046875px;\">.\/. 5% Abschreibung 2015<\/td>\n<td style=\"width: 189.953125px; text-align: right;\"><span style=\"color: #ff0000;\">-37&#8217;037,04<\/span><\/td>\n<\/tr>\n<tr>\n<td style=\"width: 419.046875px;\">.\/. 5% Abschreibung 2016<\/td>\n<td style=\"width: 189.953125px; text-align: right;\"><span style=\"color: #ff0000;\">-37&#8217;037,04<\/span><\/td>\n<\/tr>\n<tr>\n<td style=\"width: 419.046875px;\">.\/. 5% Abschreibung 2017<\/td>\n<td style=\"width: 189.953125px; text-align: right;\"><span style=\"color: #ff0000;\">-37&#8217;037,04<\/span><\/td>\n<\/tr>\n<tr>\n<td style=\"width: 419.046875px;\">2018: keine Abschreibung<\/td>\n<td style=\"width: 189.953125px; text-align: right;\">0,00<\/td>\n<\/tr>\n<tr>\n<td style=\"background-color: #fffcb3;\">Zur\u00fcckzuzahlende Vorsteuer 01.11.2018<\/td>\n<td style=\"background-color: #fffcb3; text-align: right;\">629&#8217;629,63<\/td>\n<\/tr>\n<\/tbody>\n<\/table>\n<p>Die Korrektur des Vorsteuerabzugs im Rahmen der EL, die das Gegenst\u00fcck zur Korrektur f\u00fcr NVE darstellt, soll verhindern, dass der Steuerpflichtige, der G\u00fcter oder Dienstleistungen au\u00dferhalb seiner unternehmerischen T\u00e4tigkeit, insbesondere f\u00fcr seine pers\u00f6nlichen Bed\u00fcrfnisse, verwendet, steuerlich gegen\u00fcber einem Nicht-Steuerpflichtigen bevorteilt wird. Die Wertminderung, d.h. die Abschreibungen im Sinne von  <em>Art. 31 Abs. 3 MWSTG <\/em>, wird ber\u00fccksichtigt.<\/p>\n<p>Eine EL liegt vor, wenn die G\u00fcter und Dienstleistungen zuk\u00fcnftig dauerhaft oder vor\u00fcbergehend im Rahmen einer unternehmerischen T\u00e4tigkeit verwendet werden, die nicht zum Vorsteuerabzug berechtigt (d.h. zur Erbringung von von der Steuer ausgenommenen Leistungen), oder au\u00dferhalb der unternehmerischen T\u00e4tigkeit verwendet werden.<\/p>\n<p>Insbesondere liegt eine Eigenleistung (EL) vor, wenn der Steuerpflichtige G\u00fcter oder Dienstleistungen dauerhaft oder vor\u00fcbergehend aus seinem Unternehmen entnimmt und:<\/p>\n<ul>\n<li>diese G\u00fcter oder Dienstleistungen au\u00dferhalb seiner unternehmerischen T\u00e4tigkeit, insbesondere f\u00fcr seine pers\u00f6nlichen, privaten Bed\u00fcrfnisse, verwendet<\/li>\n<li>diese f\u00fcr eine unternehmerische T\u00e4tigkeit verwendet, die gem\u00e4\u00df <em>Art. 29 Abs. 1 MWSTG <\/em><\/li>\n<li>keinen Vorsteuerabzug zul\u00e4sst (ausgeschlossener Umsatz), diese unentgeltlich ohne unternehmerischen Grund abgibt (ein unternehmerischer Grund wird bei Geschenken im Wert von bis zu 500 Franken pro Person und Jahr sowie bei Werbegeschenken und Mustern (ohne Wertbegrenzung) angenommen, die zur Erzielung eines steuerbaren oder steuerbefreiten Umsatzes abgegeben werden)<\/li>\n<li>noch \u00fcber die Verf\u00fcgungsgewalt verf\u00fcgt, wenn seine Steuerpflicht endet<\/li>\n<\/ul>\n<h2>3. Nutzungs\u00e4nderungen<\/h2>\n<p>Von Nutzungs\u00e4nderungen spricht man, wenn sich die Nutzungsanteile einer Leistung, die f\u00fcr den Vorsteuerabzug bei deren Einfuhr oder Erwerb in der Schweiz ma\u00dfgebend waren, \u00e4ndern. Nutzungs\u00e4nderungen k\u00f6nnen zu einer Korrektur des Vorsteuerabzugs als nachtr\u00e4gliche Vorsteuerentlastung (nachtr\u00e4glicher Vorsteuerabzug) f\u00fchren, wenn ein Gut oder eine Dienstleistung, das\/die bisher au\u00dferhalb der unternehmerischen T\u00e4tigkeit oder f\u00fcr eine unternehmerische T\u00e4tigkeit verwendet wurde, die nicht zum Vorsteuerabzug berechtigt (z.B. zur Erbringung von von der Steuer ausgenommenen Leistungen), fortan einer unternehmerischen T\u00e4tigkeit zugewiesen wird, die zum Vorsteuerabzug berechtigt <em>(Art. 32 MWSTG)<\/em>. Andernfalls f\u00fchrt die Nutzungs\u00e4nderung zu einer Korrektur des Vorsteuerabzugs als Eigenleistung (= R\u00fcckzahlung bereits verrechneter Vorsteuerbetr\u00e4ge; <em>Art. 31 MWSTG<\/em>).  <\/p>\n<p>Dank der Korrektur des Vorsteuerabzugs sind somit weder der urspr\u00fcngliche Erwerbszweck noch die erste Nutzung ma\u00dfgebend. Entscheidend ist vielmehr, ob ein Gut oder eine Dienstleistung im Rahmen einer unternehmerischen T\u00e4tigkeit verwendet wird, die zum Vorsteuerabzug berechtigt. Folglich wird die Leistung von der Mehrwertsteuer entlastet, wenn sie im Rahmen einer unternehmerischen T\u00e4tigkeit verwendet wird, die zum Vorsteuerabzug berechtigt, oder (umgekehrt) mit Mehrwertsteuer belastet, wenn sie einer unternehmerischen T\u00e4tigkeit zugewiesen wird, die nicht zum Vorsteuerabzug berechtigt, n\u00e4mlich zur Erbringung von von der Steuer ausgenommenen Leistungen, oder wenn sie au\u00dferhalb der unternehmerischen T\u00e4tigkeit verwendet wird.  <\/p>\n<p>Bei Immobilien ist zu beachten, dass die \u00c4nderungen der Nutzungsanteile f\u00fcr jedes Objekt separat zu pr\u00fcfen sind. Einzelne Stockwerke oder sogar einzelne R\u00e4ume k\u00f6nnen als separate Objekte betrachtet werden. <\/p>\n<p>Bei Nutzungs\u00e4nderungen, sei es EL oder NVE, gibt es zwei Arten von \u00c4nderungen:<\/p>\n<h2>4. Vollst\u00e4ndige Nutzungs\u00e4nderungen<\/h2>\n<p>Eine vollst\u00e4ndige Nutzungs\u00e4nderung liegt vor, wenn G\u00fcter oder Dienstleistungen nach der Nutzungs\u00e4nderung ausschlie\u00dflich (d.h. zu 100 %) im Rahmen einer unternehmerischen T\u00e4tigkeit verwendet werden, die zum Vorsteuerabzug berechtigt, oder ausschlie\u00dflich einer unternehmerischen T\u00e4tigkeit zugewiesen werden, die nicht zum Vorsteuerabzug berechtigt, oder wenn sie nach der Nutzungs\u00e4nderung ausschlie\u00dflich au\u00dferhalb der unternehmerischen T\u00e4tigkeiten verwendet werden. Die vollst\u00e4ndige Nutzungs\u00e4nderung ist in der Abrechnungsperiode zu ber\u00fccksichtigen, in der die Nutzungs\u00e4nderung erfolgt. <\/p>\n<p>Bei einer vollst\u00e4ndigen Nutzungs\u00e4nderung tritt die steuerliche Auswirkung in dem Zeitpunkt ein, in dem die Tatbestandsmerkmale eines solchen Sachverhalts erf\u00fcllt sind (z.B. bei der \u00dcbertragung von Nutzen und Lasten beim Verkauf einer Immobilie). Es ist daher beispielsweise zu Beginn und am Ende jeder Option zur Besteuerung eines Immobilienteils stets zu pr\u00fcfen, ob eine Nutzungs\u00e4nderung mit steuerlicher Auswirkung vorliegt. Dies gilt analog auch bei Vermietung oder Verpachtung ohne Option zur Besteuerung.  <\/p>\n<p>Da jede vollst\u00e4ndige Zweck\u00e4nderung gemeldet werden muss, im Gegensatz zur teilweisen Zweck\u00e4nderung, bei der die Steuerbelastung nur einmal pro Jahr anf\u00e4llt, ist es wichtig, die Elemente zu kennen, die zu vollst\u00e4ndigen Zweck\u00e4nderungen f\u00fchren k\u00f6nnen.<\/p>\n<p>Eine vollst\u00e4ndige Zweck\u00e4nderung, die zu einer Korrektur des Vorsteuerabzugs f\u00fchren kann (Eigenleistung oder nachtr\u00e4gliche Vorsteuerentlastung), liegt vor, wenn:<\/p>\n<ul>\n<li>Unternehmen neu steuerpflichtig werden und die zu entlastenden G\u00fcter oder Dienstleistungen ausschliesslich im Rahmen der unternehmerischen T\u00e4tigkeit verwendet werden, die zum Vorsteuerabzug berechtigt (z. B. Erbringung steuerpflichtiger Beratungsleistungen)<\/li>\n<li>Unternehmen nicht mehr steuerpflichtig sind und G\u00fcter oder Dienstleistungen, die zum Vorsteuerabzug berechtigen, den Unternehmensbereich verlassen (z. B. wenn Immobilien ver\u00e4ussert oder wenn Immobilien oder bewegliche G\u00fcter in das Privatverm\u00f6gen \u00fcberf\u00fchrt werden)<\/li>\n<li>f\u00fcr die Besteuerung ganzer Immobilien oder Immobilienteile (d. h. einzelner R\u00e4umlichkeiten oder Stockwerke) optiert wird<\/li>\n<li>die Option f\u00fcr die Besteuerung ganzer Immobilien oder Immobilienteile (d. h. einzelner R\u00e4umlichkeiten oder Stockwerke) entf\u00e4llt<\/li>\n<li>Immobilien oder Immobilienteile, die bisher im Rahmen der unternehmerischen T\u00e4tigkeit, die zum Vorsteuerabzug berechtigt, genutzt wurden, fortan ohne Option steuerfrei vermietet oder verpachtet werden (oder umgekehrt)<\/li>\n<li>bisher doppelt genutzte G\u00fcter oder Dienstleistungen k\u00fcnftig ausschliesslich im Rahmen der unternehmerischen T\u00e4tigkeit, die zum Vorsteuerabzug berechtigt, oder ausschliesslich f\u00fcr eine unternehmerische T\u00e4tigkeit, die nicht zum Vorsteuerabzug berechtigt, oder ausserhalb der unternehmerischen T\u00e4tigkeiten verwendet werden (z. B. wenn eine Immobilie, die bisher sowohl f\u00fcr steuerpflichtige Beratungsleistungen als auch f\u00fcr nicht steuerpflichtige Ausbildungsleistungen genutzt wurde, fortan ausschliesslich f\u00fcr steuerpflichtige Beratungsleistungen genutzt wird)<\/li>\n<\/ul>\n<p>Bei einer vollst\u00e4ndigen Zweck\u00e4nderung wird die Korrektur des Vorsteuerabzugs effektiv ermittelt. Die entsprechenden Korrekturen des Vorsteuerabzugs (Eigenleistung oder nachtr\u00e4gliche Vorsteuerentlastung) werden zum Zeitpunkt der Zweck\u00e4nderung vorgenommen. <\/p>\n<p><strong><em>Beispiel einer vollst\u00e4ndigen Zweck\u00e4nderung (DUIP) mit der effektiven Bestimmungsmethode<\/em><\/strong><\/p>\n<p>Ein Gesch\u00e4ftsmann \u201egr\u00fcndet am 1.<sup> <\/sup>Februar 2015 eine Gesellschaft, deren Zweck der Bau eines Gesch\u00e4ftshauses und dessen sp\u00e4tere Verwaltung ist.\u201c Die Baukosten des \u201eGeb\u00e4udes, die in der Bilanz der Gesellschaft aktiviert werden, belaufen sich auf CHF 10&#8217;000&#8217;000.- (inkl. 8,0 % MwSt.). Der Abschluss der Bauarbeiten ist der 31. Oktober 2015. Die erste Nutzung (Einzug der Mieter) ist der 1.<sup> <\/sup>November 2015. Da die Gesch\u00e4ftsr\u00e4ume des Geb\u00e4udes zu 60% ohne MwSt. (ausgenommene Ums\u00e4tze) und zu 40% mit MwSt. (Option) vermietet werden,\u201c wurde \u201edie Vorsteuer\u201c vom Eigent\u00fcmer nur teilweise (40%) auf die Baukosten zur\u00fcckgefordert.    <\/p>\n<p>Am 1.<sup> <\/sup>November 2018 \u00e4ndert sich die Strategie: Der Eigent\u00fcmer-Gesch\u00e4ftsmann beschliesst, alle Mieten der Gesch\u00e4ftsr\u00e4ume (100%) der Mehrwertsteuer zu unterstellen. Der Status des Geb\u00e4udes \u00e4ndert sich somit von einer gemischten unternehmerischen T\u00e4tigkeit (60% ausgenommene Ums\u00e4tze und 40% steuerpflichtige Ums\u00e4tze, infolge der Option) zu einer nunmehr 100%igen unternehmerischen T\u00e4tigkeit, die zum Vorsteuerabzug berechtigt (steuerpflichtige Ums\u00e4tze). Eine nachtr\u00e4gliche Vorsteuerentlastung (DUIP) kann somit am 1.<sup> <\/sup>November 2018 vorgenommen werden, d.h. die Vorsteuer, die die Baukosten f\u00fcr den bisher f\u00fcr steuerfreie Vermietungen genutzten Teil des Geb\u00e4udes (60%) belastet, kann auf ihren Restwert nach Abschreibungen abgezogen werden. Es handelt sich hierbei um eine vollst\u00e4ndige Zweck\u00e4nderung (\u00dcbergang vom gemischten Bereich 60%-40% zum 100% steuerpflichtigen unternehmerischen Bereich).   <\/p>\n<p>Bei Immobilien ist eine lineare Abschreibung von 5% pro Jahr zu ber\u00fccksichtigen. Bei der Berechnung des Restwerts ist zu beachten, dass f\u00fcr die erste Steuerperiode der Leistungsnutzung eine vollst\u00e4ndige Abschreibung f\u00fcr die gesamte Steuerperiode berechnet werden muss. Hingegen ist f\u00fcr die letzte noch nicht abgelaufene Steuerperiode keine Abschreibung bei der Berechnung des Restwerts zu ber\u00fccksichtigen, ausser in Ausnahmef\u00e4llen, in denen die Zweck\u00e4nderung am letzten Tag der Steuerperiode erfolgt (Art. 70 Abs. 2 und Art. 73 Abs. 2 MWSTV). Im vorliegenden Fall muss eine vollst\u00e4ndige Abschreibung f\u00fcr die Jahre 2015, 2016 und 2017 bei der Berechnung des Restwerts ber\u00fccksichtigt werden. Die Zweck\u00e4nderung erfolgt am 1.<sup> <\/sup>November 2018. Es gibt nur eine Zweck\u00e4nderung von 2015 bis 2018. Somit ist die Berechnung des Restwerts der abzugsf\u00e4higen Vorsteuer als DUIP am 1.<sup> <\/sup>November 2018 wie folgt:  <\/p>\n<table style=\"width: 619px; margin-left: auto; margin-right: auto;\">\n<tbody>\n<tr>\n<td style=\"background-color: #c2c2c2; width: 410.5px;\"><strong>DUIP am 01.11.2018<\/strong><\/td>\n<td style=\"background-color: #c2c2c2; text-align: right; width: 195.5px;\"><strong>CHF<\/strong><\/td>\n<\/tr>\n<tr>\n<td style=\"width: 410.5px;\">Geb\u00e4udekosten (inkl. 8,0% MwSt.)<\/td>\n<td style=\"width: 195.5px; text-align: right;\">10&#8217;000&#8217;000,00<\/td>\n<\/tr>\n<tr>\n<td style=\"width: 410.5px;\">Geb\u00e4udekosten (ohne MwSt.)<\/td>\n<td style=\"width: 195.5px; text-align: right;\">9&#8217;259&#8217;259,26<\/td>\n<\/tr>\n<tr>\n<td style=\"width: 410.5px;\">MwSt. 8,0%<\/td>\n<td style=\"width: 195.5px; text-align: right;\">740&#8217;740,74<\/td>\n<\/tr>\n<tr>\n<td style=\"width: 410.5px;\">Bereits zur\u00fcckgeforderte MwSt. (40% von 740&#8217;740,74)<\/td>\n<td style=\"width: 195.5px; text-align: right;\">296&#8217;296,30<\/td>\n<\/tr>\n<tr>\n<td style=\"width: 410.5px;\">Nicht zur\u00fcckgeforderte MwSt. (60% von 740&#8217;740,74)<\/td>\n<td style=\"width: 195.5px; text-align: right;\">444&#8217;444,44<\/td>\n<\/tr>\n<tr>\n<td style=\"width: 410.5px;\">.\/. 5% Abschreibung 2015<\/td>\n<td style=\"width: 195.5px; text-align: right;\"><span style=\"color: #ff0000;\">-22&#8217;222,22<\/span><\/td>\n<\/tr>\n<tr>\n<td style=\"width: 410.5px;\">.\/. 5% Abschreibung 2016<\/td>\n<td style=\"width: 195.5px; text-align: right;\"><span style=\"color: #ff0000;\">-22&#8217;222,22<\/span><\/td>\n<\/tr>\n<tr>\n<td style=\"width: 410.5px;\">.\/. 5% Abschreibung 2017<\/td>\n<td style=\"width: 195.5px; text-align: right;\"><span style=\"color: #ff0000;\">-22&#8217;222,22<\/span><\/td>\n<\/tr>\n<tr>\n<td style=\"width: 410.5px;\">2018: keine Abschreibung<\/td>\n<td style=\"width: 195.5px; text-align: right;\">0,00<\/td>\n<\/tr>\n<tr>\n<td style=\"background-color: #cdffc7;\">Abzugsf\u00e4hige Vorsteuer 01.11.2018<\/td>\n<td style=\"background-color: #cdffc7; text-align: right;\">377&#8217;777,78<\/td>\n<\/tr>\n<\/tbody>\n<\/table>\n<p><strong><em>Beispiel einer vollst\u00e4ndigen Zweck\u00e4nderung (PASM) mit der effektiven Bestimmungsmethode<\/em><\/strong><\/p>\n<p>Ein Gesch\u00e4ftsmann gr\u00fcndet am 1.<sup> <\/sup>Februar 2015 eine Gesellschaft, deren Zweck der Bau eines Gesch\u00e4ftshauses und dessen sp\u00e4tere Verwaltung ist. Die Baukosten des Geb\u00e4udes, die in der Bilanz der Gesellschaft aktiviert werden, belaufen sich auf CHF 10&#8217;000&#8217;000.- (inkl. 8,0 % MwSt.). Der Abschluss der Bauarbeiten ist der 31. Oktober 2015. Die erste Nutzung (Einzug der Mieter) ist der 1.<sup> <\/sup>November 2015. Da die Gesch\u00e4ftsr\u00e4ume des Geb\u00e4udes zu 80% mit MwSt. (optierte, also steuerpflichtige Ums\u00e4tze) und zu 20% ohne MwSt. (ausgenommene Ums\u00e4tze) vermietet werden, wurde die Vorsteuer vom Eigent\u00fcmer nur zu 80% auf die Baukosten zur\u00fcckgefordert.    <\/p>\n<p>Am 1.<sup> <\/sup>November 2018 \u00e4ndert sich die Strategie: Der Eigent\u00fcmer-Gesch\u00e4ftsmann beschliesst, seine Immobilient\u00e4tigkeit einzustellen und das gesamte Geb\u00e4ude ohne MwSt. zu verkaufen (ausgenommener Verkauf). Der Status des Geb\u00e4udes \u00e4ndert sich somit von einer gemischten unternehmerischen T\u00e4tigkeit 80%-20%, die teilweise zum Vorsteuerabzug berechtigt, zu einer nunmehr 100%igen nicht-unternehmerischen T\u00e4tigkeit (Aufgabe der T\u00e4tigkeit). Eine Eigenleistung (PASM) muss daher am 1.<sup> <\/sup>November 2018 vorgenommen werden, d.h. die Vorsteuer, die die Baukosten f\u00fcr den der MwSt. unterliegenden Teil der R\u00e4umlichkeiten (80%) belastet, muss auf ihren Restwert nach Abschreibungen korrigiert werden. Es handelt sich hierbei um eine vollst\u00e4ndige Zweck\u00e4nderung (\u00dcbergang vom gemischten Bereich 80%-20% zum 100% nicht-unternehmerischen Bereich, der nicht zum Vorsteuerabzug berechtigt).  <\/p>\n<p>Bei Immobilien ist eine lineare Abschreibung von 5% pro Jahr zu ber\u00fccksichtigen. Bei der Berechnung des Restwerts ist zu beachten, dass f\u00fcr die erste Steuerperiode der Leistungsnutzung eine vollst\u00e4ndige Abschreibung f\u00fcr die gesamte Steuerperiode berechnet werden muss. Hingegen ist f\u00fcr die letzte noch nicht abgelaufene Steuerperiode keine Abschreibung bei der Berechnung des Restwerts zu ber\u00fccksichtigen, ausser in Ausnahmef\u00e4llen, in denen die Zweck\u00e4nderung am letzten Tag der Steuerperiode erfolgt (Art. 70 Abs. 2 und Art. 73 Abs. 2 MWSTV). Im vorliegenden Fall muss eine vollst\u00e4ndige Abschreibung f\u00fcr die Jahre 2015, 2016 und 2017 bei der Berechnung des Restwerts ber\u00fccksichtigt werden. Die Zweck\u00e4nderung erfolgt am 1.<sup> <\/sup>November 2018. Es gibt nur eine Zweck\u00e4nderung von 2015 bis 2018.    <\/p>\n<table style=\"width: 619px; margin-left: auto; margin-right: auto;\">\n<tbody>\n<tr>\n<td style=\"background-color: #c2c2c2;\"><strong>PASM am 01.11.2018<\/strong><\/td>\n<td style=\"background-color: #c2c2c2; text-align: right;\"><strong>CHF<\/strong><\/td>\n<\/tr>\n<tr>\n<td style=\"width: 410.078125px;\">Geb\u00e4udekosten (inkl. 8,0% MwSt.)<\/td>\n<td style=\"width: 196.921875px; text-align: right;\">10&#8217;000&#8217;000,00<\/td>\n<\/tr>\n<tr>\n<td style=\"width: 410.078125px;\">Geb\u00e4udekosten (ohne MwSt.)<\/td>\n<td style=\"width: 196.921875px; text-align: right;\">9&#8217;259&#8217;259,26<\/td>\n<\/tr>\n<tr>\n<td style=\"width: 410.078125px;\">MwSt. 8,0%<\/td>\n<td style=\"width: 196.921875px; text-align: right;\">740&#8217;740,74<\/td>\n<\/tr>\n<tr>\n<td style=\"width: 410.078125px;\">Nicht zur\u00fcckgeforderte MwSt. (20% von 740&#8217;740,74)<\/td>\n<td style=\"width: 196.921875px; text-align: right;\">148&#8217;148,15<\/td>\n<\/tr>\n<tr>\n<td style=\"width: 410.078125px;\">Bereits zur\u00fcckgeforderte MwSt. (80% von 740&#8217;740,74)<\/td>\n<td style=\"width: 196.921875px; text-align: right;\">592&#8217;592,59<\/td>\n<\/tr>\n<tr>\n<td style=\"width: 410.078125px;\">.\/. 5% Abschreibung 2015<\/td>\n<td style=\"width: 196.921875px; text-align: right;\"><span style=\"color: #ff0000;\">-29&#8217;629,63<\/span><\/td>\n<\/tr>\n<tr>\n<td style=\"width: 410.078125px;\">.\/. 5% Abschreibung 2016<\/td>\n<td style=\"width: 196.921875px; text-align: right;\"><span style=\"color: #ff0000;\">-29&#8217;629,63  <\/span><\/td>\n<\/tr>\n<tr>\n<td style=\"width: 410.078125px;\">.\/. 5% Abschreibung 2017<\/td>\n<td style=\"width: 196.921875px; text-align: right;\"><span style=\"color: #ff0000;\">-29&#8217;629,63  <\/span><\/td>\n<\/tr>\n<tr>\n<td style=\"width: 410.078125px;\">2018: keine Abschreibung<\/td>\n<td style=\"width: 196.921875px; text-align: right;\">0,00<\/td>\n<\/tr>\n<tr>\n<td style=\"background-color: #fffcb3;\">Zur\u00fcckzuzahlende Vorsteuer 01.11.2018<\/td>\n<td style=\"background-color: #fffcb3; text-align: right;\">503&#8217;703,70<\/td>\n<\/tr>\n<\/tbody>\n<\/table>\n<h2>5. Berechnungsgrundlage f\u00fcr die Korrektur des Vorsteuerabzugs bei Zweck\u00e4nderungen<\/h2>\n<p>Unter den verschiedenen Zweck\u00e4nderungen, die auftreten k\u00f6nnen (PASM oder DUIP, infolge einer vollst\u00e4ndigen oder teilweisen Zweck\u00e4nderung), ist zu unterscheiden zwischen:<\/p>\n<ul>\n<li>Immobilien (Geb\u00e4ude), die gekauft oder selbst hergestellt wurden (linearer Abschreibungssatz von 5 % pro Jahr)<\/li>\n<li>beweglichen G\u00fctern, die gekauft oder selbst hergestellt wurden (linearer Abschreibungssatz von 20 % pro Jahr)<\/li>\n<li>Dienstleistungen, die von Dritten erbracht wurden (linearer Abschreibungssatz von 20 % pro Jahr)<\/li>\n<\/ul>\n<p><strong>WICHTIG<\/strong>: Bei den G\u00fctern muss auch unterschieden werden, ob diese genutzt wurden oder nicht, wie folgt:<\/p>\n<ul>\n<li>Ein bewegliches oder unbewegliches Gut gilt als genutzt, wenn es im Unternehmen des Steuerpflichtigen einem bestimmten oder beliebigen Zweck zugef\u00fchrt wurde (z. B. zur Vermietung oder Nutzung als Betriebsmittel). Hinweis: Die Nutzung durch den Voreigent\u00fcmer ist unerheblich. <\/li>\n<li>Ein bewegliches oder unbewegliches Gut gilt als nicht genutzt, wenn es im Unternehmen des Steuerpflichtigen keinem bestimmten oder beliebigen Zweck zugef\u00fchrt wurde (z. B. zur Vermietung oder Nutzung als Betriebsmittel). Hinweis: Die Nutzung durch den Voreigent\u00fcmer ist unerheblich. <\/li>\n<\/ul>\n<p>Diese Unterscheidung ist im Zusammenhang mit Zweck\u00e4nderungen sehr wichtig, da die Abschreibung nur ab dem Jahr ber\u00fccksichtigt wird, in dem das bewegliche oder unbewegliche Gut genutzt wird (Berechnung des Restwerts gem\u00e4ss  <em>Art. 31 Abs. 3 MWSTG bzw. Art. 32 Abs. 2 MWSTG).  <\/em><\/p>\n<p>Es ist auch zwischen der dauerhaften Entnahme und der vor\u00fcbergehenden Nutzung von beweglichen oder unbeweglichen G\u00fctern zu unterscheiden.<\/p>\n<h2>6. Deklaration der Zweck\u00e4nderung in der Mehrwertsteuerabrechnung<\/h2>\n<p>Je nachdem, ob es sich um eine Korrektur des Vorsteuerabzugs als PASM oder DUIP handelt, ist der Anpassungsbetrag wie folgt in der Mehrwertsteuerabrechnung auszuweisen:<\/p>\n<p><strong>DUIP<\/strong><\/p>\n<p>Die Korrekturen des Vorsteuerabzugs, auf die der Steuerpflichtige Anspruch hat, werden unter Ziffer 410 (nachtr\u00e4gliche Vorsteuerentlastung) deklariert. Eine detaillierte Aufstellung muss der Mehrwertsteuerabrechnung zwingend beigelegt werden. <\/p>\n<p><strong>PASM<\/strong><\/p>\n<p>Die vom Steuerpflichtigen ermittelten Korrekturen des Vorsteuerabzugs werden unter Ziffer 415 (Eigenleistungen) deklariert. Detaillierte Unterlagen (z. B. Rechnungen oder andere Belege) sind nur auf Anfrage der ESTV einzureichen. <\/p>\n<h2>7. Zusammenfassung<\/h2>\n<p>Die verschiedenen Zweck\u00e4nderungen (PASM oder DUIP), die in der Praxis auftreten k\u00f6nnen, sind folgende:<\/p>\n<ul>\n<li>Vollst\u00e4ndige Zweck\u00e4nderungen<\/li>\n<li>Teilweise Zweck\u00e4nderungen (in unserem vollst\u00e4ndigen Kurs zu entdecken)<\/li>\n<li>Vor\u00fcbergehende Nutzung von G\u00fctern (in unserem vollst\u00e4ndigen Kurs zu entdecken)<\/li>\n<\/ul>\n<p>Bei Zweck\u00e4nderungen ist Folgendes zu beachten:<\/p>\n<ul>\n<li>Es gibt zwei Arten von Zweck\u00e4nderungen: PASM und DUIP<\/li>\n<li>Bei PASM oder DUIP gibt es entweder eine vollst\u00e4ndige oder eine teilweise Zweck\u00e4nderung<\/li>\n<\/ul>\n<p>Bei Zweck\u00e4nderungen:<\/p>\n<ul>\n<li>Bei vollst\u00e4ndigen \u00c4nderungen ist nur die effektive Berechnungsmethode zul\u00e4ssig (j\u00e4hrliche Berechnung)<\/li>\n<li>Bei teilweisen \u00c4nderungen besteht die Wahl zwischen der effektiven oder der approximativen Berechnungsmethode (Berechnung, wenn &gt; 20% pro Jahr) (in unserem vollst\u00e4ndigen Kurs zu entdecken)<\/li>\n<\/ul>\n<p>Die zu ber\u00fccksichtigenden Abschreibungss\u00e4tze sind folgende:<\/p>\n<ul>\n<li>Immobilien: 5%<\/li>\n<li>Bewegliche G\u00fcter: 20%<\/li>\n<li>Dienstleistungen: 20%<\/li>\n<\/ul>\n<p>Die bei der Berechnung des Restwerts der Vorsteuer zu ber\u00fccksichtigenden Abschreibungsjahre sind folgende:<\/p>\n<ul>\n<li>1.<sup> <\/sup>Nutzungsjahr: Es ist immer eine Abschreibung zu ber\u00fccksichtigen, auch wenn das Jahr nicht vollst\u00e4ndig ist<\/li>\n<li>Letztes Nutzungsjahr: Es ist niemals eine Abschreibung zu ber\u00fccksichtigen, es sei denn, es handelt sich um ein vollst\u00e4ndiges Jahr, das am 31. Dezember endet<\/li>\n<\/ul>\n<p><!-- CTA --><\/p>\n","protected":false},"excerpt":{"rendered":"<p>Um das Thema Vorsteuer (entdecken Sie unsere Artikel zum Vorsteuerabzug und zur Korrektur des Vorsteuerabzugs) abzuschlie\u00dfen, hier ein letzter Artikel, der sich mit der Problematik der Nutzungs\u00e4nderungen befasst. F\u00fcr die Bestimmung einer Nutzungs\u00e4nderung sind die folgenden beiden Elemente [&hellip;]<\/p>\n","protected":false},"author":2,"featured_media":873,"comment_status":"closed","ping_status":"closed","sticky":false,"template":"","format":"standard","meta":{"content-type":"","_uag_custom_page_level_css":"","footnotes":""},"categories":[1443],"tags":[1849,1834,1446,1687,1457,1848,1571,1532,1850],"class_list":["post-53564","post","type-post","status-publish","format-standard","has-post-thumbnail","hentry","category-umfassender-leitfaden-buchhaltung","tag-abzug","tag-besteuerung-de-2","tag-comptabilite-de","tag-finance-de","tag-formation-de","tag-korrektur","tag-mehrwertsteuer","tag-steuern","tag-vorsteuer"],"yoast_head":"<!-- This site is optimized with the Yoast SEO plugin v27.4 - https:\/\/yoast.com\/product\/yoast-seo-wordpress\/ -->\n<title>Mehrwertsteuer: Nutzungs\u00e4nderungen &#8212; BetterStudy Formation en ligne<\/title>\n<meta name=\"description\" content=\"Mehrwertsteuer: Nutzungs\u00e4nderungen\" \/>\n<meta name=\"robots\" content=\"index, follow, max-snippet:-1, max-image-preview:large, max-video-preview:-1\" \/>\n<link rel=\"canonical\" href=\"https:\/\/betterstudy.ch\/de\/ausbildung-in-buchhaltung-und-rechnungswesen\/umfassender-leitfaden-buchhaltung\/tva-changements-daffectation\/\" \/>\n<meta property=\"og:locale\" content=\"de_DE\" \/>\n<meta property=\"og:type\" content=\"article\" \/>\n<meta property=\"og:title\" content=\"Mehrwertsteuer: Nutzungs\u00e4nderungen &#8212; BetterStudy Formation en ligne\" \/>\n<meta property=\"og:description\" content=\"Mehrwertsteuer: Nutzungs\u00e4nderungen\" \/>\n<meta property=\"og:url\" content=\"https:\/\/betterstudy.ch\/de\/ausbildung-in-buchhaltung-und-rechnungswesen\/umfassender-leitfaden-buchhaltung\/tva-changements-daffectation\/\" \/>\n<meta property=\"og:site_name\" content=\"BetterStudy Formation en ligne\" \/>\n<meta property=\"article:publisher\" content=\"https:\/\/www.facebook.com\/BetterStudy\/\" \/>\n<meta property=\"article:published_time\" content=\"2025-07-03T13:48:28+00:00\" \/>\n<meta property=\"og:image\" content=\"https:\/\/betterstudy.ch\/wp-content\/uploads\/2020\/03\/vintage-649760_1920.jpg\" \/>\n\t<meta property=\"og:image:width\" content=\"1600\" \/>\n\t<meta property=\"og:image:height\" content=\"1062\" \/>\n\t<meta property=\"og:image:type\" content=\"image\/jpeg\" \/>\n<meta name=\"author\" content=\"Christophe Rieder\" \/>\n<meta name=\"twitter:card\" content=\"summary_large_image\" \/>\n<meta name=\"twitter:creator\" content=\"@betterstudych\" \/>\n<meta name=\"twitter:site\" content=\"@betterstudych\" \/>\n<meta name=\"twitter:label1\" content=\"Geschrieben von\" \/>\n\t<meta name=\"twitter:data1\" content=\"Christophe Rieder\" \/>\n\t<meta name=\"twitter:label2\" content=\"Gesch\u00e4tzte Lesezeit\" \/>\n\t<meta name=\"twitter:data2\" content=\"17\u00a0Minuten\" \/>\n<script type=\"application\/ld+json\" class=\"yoast-schema-graph\">{\"@context\":\"https:\\\/\\\/schema.org\",\"@graph\":[{\"@type\":\"Article\",\"@id\":\"https:\\\/\\\/betterstudy.ch\\\/de\\\/ausbildung-in-buchhaltung-und-rechnungswesen\\\/umfassender-leitfaden-buchhaltung\\\/tva-changements-daffectation\\\/#article\",\"isPartOf\":{\"@id\":\"https:\\\/\\\/betterstudy.ch\\\/de\\\/ausbildung-in-buchhaltung-und-rechnungswesen\\\/umfassender-leitfaden-buchhaltung\\\/tva-changements-daffectation\\\/\"},\"author\":{\"name\":\"Christophe Rieder\",\"@id\":\"https:\\\/\\\/betterstudy.ch\\\/de\\\/#\\\/schema\\\/person\\\/2bef5da90845682ae750c6bec319e991\"},\"headline\":\"Mehrwertsteuer: Nutzungs\u00e4nderungen\",\"datePublished\":\"2025-07-03T13:48:28+00:00\",\"mainEntityOfPage\":{\"@id\":\"https:\\\/\\\/betterstudy.ch\\\/de\\\/ausbildung-in-buchhaltung-und-rechnungswesen\\\/umfassender-leitfaden-buchhaltung\\\/tva-changements-daffectation\\\/\"},\"wordCount\":3384,\"publisher\":{\"@id\":\"https:\\\/\\\/betterstudy.ch\\\/de\\\/#organization\"},\"image\":{\"@id\":\"https:\\\/\\\/betterstudy.ch\\\/de\\\/ausbildung-in-buchhaltung-und-rechnungswesen\\\/umfassender-leitfaden-buchhaltung\\\/tva-changements-daffectation\\\/#primaryimage\"},\"thumbnailUrl\":\"https:\\\/\\\/betterstudy.ch\\\/wp-content\\\/uploads\\\/2020\\\/03\\\/vintage-649760_1920.jpg\",\"keywords\":[\"Abzug\",\"Besteuerung\",\"comptabilit\u00e9\",\"finance\",\"formation\",\"Korrektur\",\"Mehrwertsteuer\",\"Steuern\",\"Vorsteuer\"],\"articleSection\":[\"Umfassender leitfaden buchhaltung\"],\"inLanguage\":\"de-CH\"},{\"@type\":\"WebPage\",\"@id\":\"https:\\\/\\\/betterstudy.ch\\\/de\\\/ausbildung-in-buchhaltung-und-rechnungswesen\\\/umfassender-leitfaden-buchhaltung\\\/tva-changements-daffectation\\\/\",\"url\":\"https:\\\/\\\/betterstudy.ch\\\/de\\\/ausbildung-in-buchhaltung-und-rechnungswesen\\\/umfassender-leitfaden-buchhaltung\\\/tva-changements-daffectation\\\/\",\"name\":\"Mehrwertsteuer: Nutzungs\u00e4nderungen &#8212; BetterStudy Formation en ligne\",\"isPartOf\":{\"@id\":\"https:\\\/\\\/betterstudy.ch\\\/de\\\/#website\"},\"primaryImageOfPage\":{\"@id\":\"https:\\\/\\\/betterstudy.ch\\\/de\\\/ausbildung-in-buchhaltung-und-rechnungswesen\\\/umfassender-leitfaden-buchhaltung\\\/tva-changements-daffectation\\\/#primaryimage\"},\"image\":{\"@id\":\"https:\\\/\\\/betterstudy.ch\\\/de\\\/ausbildung-in-buchhaltung-und-rechnungswesen\\\/umfassender-leitfaden-buchhaltung\\\/tva-changements-daffectation\\\/#primaryimage\"},\"thumbnailUrl\":\"https:\\\/\\\/betterstudy.ch\\\/wp-content\\\/uploads\\\/2020\\\/03\\\/vintage-649760_1920.jpg\",\"datePublished\":\"2025-07-03T13:48:28+00:00\",\"description\":\"Mehrwertsteuer: Nutzungs\u00e4nderungen\",\"inLanguage\":\"de-CH\",\"potentialAction\":[{\"@type\":\"ReadAction\",\"target\":[\"https:\\\/\\\/betterstudy.ch\\\/de\\\/ausbildung-in-buchhaltung-und-rechnungswesen\\\/umfassender-leitfaden-buchhaltung\\\/tva-changements-daffectation\\\/\"]}]},{\"@type\":\"ImageObject\",\"inLanguage\":\"de-CH\",\"@id\":\"https:\\\/\\\/betterstudy.ch\\\/de\\\/ausbildung-in-buchhaltung-und-rechnungswesen\\\/umfassender-leitfaden-buchhaltung\\\/tva-changements-daffectation\\\/#primaryimage\",\"url\":\"https:\\\/\\\/betterstudy.ch\\\/wp-content\\\/uploads\\\/2020\\\/03\\\/vintage-649760_1920.jpg\",\"contentUrl\":\"https:\\\/\\\/betterstudy.ch\\\/wp-content\\\/uploads\\\/2020\\\/03\\\/vintage-649760_1920.jpg\",\"width\":1600,\"height\":1062},{\"@type\":\"WebSite\",\"@id\":\"https:\\\/\\\/betterstudy.ch\\\/de\\\/#website\",\"url\":\"https:\\\/\\\/betterstudy.ch\\\/de\\\/\",\"name\":\"BetterStudy Formation en ligne\",\"description\":\"Formation en ligne cours de finance et comptabilit\u00e9\",\"publisher\":{\"@id\":\"https:\\\/\\\/betterstudy.ch\\\/de\\\/#organization\"},\"potentialAction\":[{\"@type\":\"SearchAction\",\"target\":{\"@type\":\"EntryPoint\",\"urlTemplate\":\"https:\\\/\\\/betterstudy.ch\\\/de\\\/?s={search_term_string}\"},\"query-input\":{\"@type\":\"PropertyValueSpecification\",\"valueRequired\":true,\"valueName\":\"search_term_string\"}}],\"inLanguage\":\"de-CH\"},{\"@type\":\"Organization\",\"@id\":\"https:\\\/\\\/betterstudy.ch\\\/de\\\/#organization\",\"name\":\"BetterStudy\",\"url\":\"https:\\\/\\\/betterstudy.ch\\\/de\\\/\",\"logo\":{\"@type\":\"ImageObject\",\"inLanguage\":\"de-CH\",\"@id\":\"https:\\\/\\\/betterstudy.ch\\\/de\\\/#\\\/schema\\\/logo\\\/image\\\/\",\"url\":\"https:\\\/\\\/betterstudy.ch\\\/wp-content\\\/uploads\\\/2020\\\/05\\\/betterstudy-logo-site.png\",\"contentUrl\":\"https:\\\/\\\/betterstudy.ch\\\/wp-content\\\/uploads\\\/2020\\\/05\\\/betterstudy-logo-site.png\",\"width\":134,\"height\":43,\"caption\":\"BetterStudy\"},\"image\":{\"@id\":\"https:\\\/\\\/betterstudy.ch\\\/de\\\/#\\\/schema\\\/logo\\\/image\\\/\"},\"sameAs\":[\"https:\\\/\\\/www.facebook.com\\\/BetterStudy\\\/\",\"https:\\\/\\\/x.com\\\/betterstudych\",\"https:\\\/\\\/www.instagram.com\\\/betterstudy_online_course\\\/\",\"https:\\\/\\\/www.linkedin.com\\\/school\\\/betterstudy-cours-en-ligne\\\/\",\"https:\\\/\\\/www.youtube.com\\\/user\\\/betterstudy\"]},{\"@type\":\"Person\",\"@id\":\"https:\\\/\\\/betterstudy.ch\\\/de\\\/#\\\/schema\\\/person\\\/2bef5da90845682ae750c6bec319e991\",\"name\":\"Christophe Rieder\",\"image\":{\"@type\":\"ImageObject\",\"inLanguage\":\"de-CH\",\"@id\":\"https:\\\/\\\/secure.gravatar.com\\\/avatar\\\/1d6a84ec7f72e217f241f793b830739f7ecf9700fc353b7e9a4a621aed41b128?s=96&d=mm&r=g\",\"url\":\"https:\\\/\\\/secure.gravatar.com\\\/avatar\\\/1d6a84ec7f72e217f241f793b830739f7ecf9700fc353b7e9a4a621aed41b128?s=96&d=mm&r=g\",\"contentUrl\":\"https:\\\/\\\/secure.gravatar.com\\\/avatar\\\/1d6a84ec7f72e217f241f793b830739f7ecf9700fc353b7e9a4a621aed41b128?s=96&d=mm&r=g\",\"caption\":\"Christophe Rieder\"},\"description\":\"Titulaire du Master of Science HES-SO in Business Administration obtenu \u00e0 HEG-Fribourg et du Dipl\u00f4me f\u00e9d\u00e9ral d'Enseignant de la formation professionnelle, Christophe Rieder est le Fondateur et Directeur de l'institut de formation professionnelle en ligne BetterStudy. Christophe est aussi Ma\u00eetre d'enseignement en gestion d'entreprise \u00e0 l'Ecole sup\u00e9rieure de commerce \u00e0 l'Etat de Gen\u00e8ve. Avant de se r\u00e9orienter dans le domaine de la formation, Christophe a travaill\u00e9 4 ans dans la gestion de fortune \u00e0 Gen\u00e8ve. Pendant son temps libre, Christophe fait de la guitare et joue aux \u00e9checs, il aime aussi sortir et voyager.\",\"sameAs\":[\"https:\\\/\\\/www.linkedin.com\\\/in\\\/christopherieder\\\/\"]}]}<\/script>\n<!-- \/ Yoast SEO plugin. -->","yoast_head_json":{"title":"Mehrwertsteuer: Nutzungs\u00e4nderungen &#8212; BetterStudy Formation en ligne","description":"Mehrwertsteuer: Nutzungs\u00e4nderungen","robots":{"index":"index","follow":"follow","max-snippet":"max-snippet:-1","max-image-preview":"max-image-preview:large","max-video-preview":"max-video-preview:-1"},"canonical":"https:\/\/betterstudy.ch\/de\/ausbildung-in-buchhaltung-und-rechnungswesen\/umfassender-leitfaden-buchhaltung\/tva-changements-daffectation\/","og_locale":"de_DE","og_type":"article","og_title":"Mehrwertsteuer: Nutzungs\u00e4nderungen &#8212; BetterStudy Formation en ligne","og_description":"Mehrwertsteuer: Nutzungs\u00e4nderungen","og_url":"https:\/\/betterstudy.ch\/de\/ausbildung-in-buchhaltung-und-rechnungswesen\/umfassender-leitfaden-buchhaltung\/tva-changements-daffectation\/","og_site_name":"BetterStudy Formation en ligne","article_publisher":"https:\/\/www.facebook.com\/BetterStudy\/","article_published_time":"2025-07-03T13:48:28+00:00","og_image":[{"width":1600,"height":1062,"url":"https:\/\/betterstudy.ch\/wp-content\/uploads\/2020\/03\/vintage-649760_1920.jpg","type":"image\/jpeg"}],"author":"Christophe Rieder","twitter_card":"summary_large_image","twitter_creator":"@betterstudych","twitter_site":"@betterstudych","twitter_misc":{"Geschrieben von":"Christophe Rieder","Gesch\u00e4tzte Lesezeit":"17\u00a0Minuten"},"schema":{"@context":"https:\/\/schema.org","@graph":[{"@type":"Article","@id":"https:\/\/betterstudy.ch\/de\/ausbildung-in-buchhaltung-und-rechnungswesen\/umfassender-leitfaden-buchhaltung\/tva-changements-daffectation\/#article","isPartOf":{"@id":"https:\/\/betterstudy.ch\/de\/ausbildung-in-buchhaltung-und-rechnungswesen\/umfassender-leitfaden-buchhaltung\/tva-changements-daffectation\/"},"author":{"name":"Christophe Rieder","@id":"https:\/\/betterstudy.ch\/de\/#\/schema\/person\/2bef5da90845682ae750c6bec319e991"},"headline":"Mehrwertsteuer: Nutzungs\u00e4nderungen","datePublished":"2025-07-03T13:48:28+00:00","mainEntityOfPage":{"@id":"https:\/\/betterstudy.ch\/de\/ausbildung-in-buchhaltung-und-rechnungswesen\/umfassender-leitfaden-buchhaltung\/tva-changements-daffectation\/"},"wordCount":3384,"publisher":{"@id":"https:\/\/betterstudy.ch\/de\/#organization"},"image":{"@id":"https:\/\/betterstudy.ch\/de\/ausbildung-in-buchhaltung-und-rechnungswesen\/umfassender-leitfaden-buchhaltung\/tva-changements-daffectation\/#primaryimage"},"thumbnailUrl":"https:\/\/betterstudy.ch\/wp-content\/uploads\/2020\/03\/vintage-649760_1920.jpg","keywords":["Abzug","Besteuerung","comptabilit\u00e9","finance","formation","Korrektur","Mehrwertsteuer","Steuern","Vorsteuer"],"articleSection":["Umfassender leitfaden buchhaltung"],"inLanguage":"de-CH"},{"@type":"WebPage","@id":"https:\/\/betterstudy.ch\/de\/ausbildung-in-buchhaltung-und-rechnungswesen\/umfassender-leitfaden-buchhaltung\/tva-changements-daffectation\/","url":"https:\/\/betterstudy.ch\/de\/ausbildung-in-buchhaltung-und-rechnungswesen\/umfassender-leitfaden-buchhaltung\/tva-changements-daffectation\/","name":"Mehrwertsteuer: Nutzungs\u00e4nderungen &#8212; BetterStudy Formation en ligne","isPartOf":{"@id":"https:\/\/betterstudy.ch\/de\/#website"},"primaryImageOfPage":{"@id":"https:\/\/betterstudy.ch\/de\/ausbildung-in-buchhaltung-und-rechnungswesen\/umfassender-leitfaden-buchhaltung\/tva-changements-daffectation\/#primaryimage"},"image":{"@id":"https:\/\/betterstudy.ch\/de\/ausbildung-in-buchhaltung-und-rechnungswesen\/umfassender-leitfaden-buchhaltung\/tva-changements-daffectation\/#primaryimage"},"thumbnailUrl":"https:\/\/betterstudy.ch\/wp-content\/uploads\/2020\/03\/vintage-649760_1920.jpg","datePublished":"2025-07-03T13:48:28+00:00","description":"Mehrwertsteuer: Nutzungs\u00e4nderungen","inLanguage":"de-CH","potentialAction":[{"@type":"ReadAction","target":["https:\/\/betterstudy.ch\/de\/ausbildung-in-buchhaltung-und-rechnungswesen\/umfassender-leitfaden-buchhaltung\/tva-changements-daffectation\/"]}]},{"@type":"ImageObject","inLanguage":"de-CH","@id":"https:\/\/betterstudy.ch\/de\/ausbildung-in-buchhaltung-und-rechnungswesen\/umfassender-leitfaden-buchhaltung\/tva-changements-daffectation\/#primaryimage","url":"https:\/\/betterstudy.ch\/wp-content\/uploads\/2020\/03\/vintage-649760_1920.jpg","contentUrl":"https:\/\/betterstudy.ch\/wp-content\/uploads\/2020\/03\/vintage-649760_1920.jpg","width":1600,"height":1062},{"@type":"WebSite","@id":"https:\/\/betterstudy.ch\/de\/#website","url":"https:\/\/betterstudy.ch\/de\/","name":"BetterStudy Formation en ligne","description":"Formation en ligne cours de finance et comptabilit\u00e9","publisher":{"@id":"https:\/\/betterstudy.ch\/de\/#organization"},"potentialAction":[{"@type":"SearchAction","target":{"@type":"EntryPoint","urlTemplate":"https:\/\/betterstudy.ch\/de\/?s={search_term_string}"},"query-input":{"@type":"PropertyValueSpecification","valueRequired":true,"valueName":"search_term_string"}}],"inLanguage":"de-CH"},{"@type":"Organization","@id":"https:\/\/betterstudy.ch\/de\/#organization","name":"BetterStudy","url":"https:\/\/betterstudy.ch\/de\/","logo":{"@type":"ImageObject","inLanguage":"de-CH","@id":"https:\/\/betterstudy.ch\/de\/#\/schema\/logo\/image\/","url":"https:\/\/betterstudy.ch\/wp-content\/uploads\/2020\/05\/betterstudy-logo-site.png","contentUrl":"https:\/\/betterstudy.ch\/wp-content\/uploads\/2020\/05\/betterstudy-logo-site.png","width":134,"height":43,"caption":"BetterStudy"},"image":{"@id":"https:\/\/betterstudy.ch\/de\/#\/schema\/logo\/image\/"},"sameAs":["https:\/\/www.facebook.com\/BetterStudy\/","https:\/\/x.com\/betterstudych","https:\/\/www.instagram.com\/betterstudy_online_course\/","https:\/\/www.linkedin.com\/school\/betterstudy-cours-en-ligne\/","https:\/\/www.youtube.com\/user\/betterstudy"]},{"@type":"Person","@id":"https:\/\/betterstudy.ch\/de\/#\/schema\/person\/2bef5da90845682ae750c6bec319e991","name":"Christophe Rieder","image":{"@type":"ImageObject","inLanguage":"de-CH","@id":"https:\/\/secure.gravatar.com\/avatar\/1d6a84ec7f72e217f241f793b830739f7ecf9700fc353b7e9a4a621aed41b128?s=96&d=mm&r=g","url":"https:\/\/secure.gravatar.com\/avatar\/1d6a84ec7f72e217f241f793b830739f7ecf9700fc353b7e9a4a621aed41b128?s=96&d=mm&r=g","contentUrl":"https:\/\/secure.gravatar.com\/avatar\/1d6a84ec7f72e217f241f793b830739f7ecf9700fc353b7e9a4a621aed41b128?s=96&d=mm&r=g","caption":"Christophe Rieder"},"description":"Titulaire du Master of Science HES-SO in Business Administration obtenu \u00e0 HEG-Fribourg et du Dipl\u00f4me f\u00e9d\u00e9ral d'Enseignant de la formation professionnelle, Christophe Rieder est le Fondateur et Directeur de l'institut de formation professionnelle en ligne BetterStudy. Christophe est aussi Ma\u00eetre d'enseignement en gestion d'entreprise \u00e0 l'Ecole sup\u00e9rieure de commerce \u00e0 l'Etat de Gen\u00e8ve. Avant de se r\u00e9orienter dans le domaine de la formation, Christophe a travaill\u00e9 4 ans dans la gestion de fortune \u00e0 Gen\u00e8ve. Pendant son temps libre, Christophe fait de la guitare et joue aux \u00e9checs, il aime aussi sortir et voyager.","sameAs":["https:\/\/www.linkedin.com\/in\/christopherieder\/"]}]}},"uagb_featured_image_src":{"full":["https:\/\/betterstudy.ch\/wp-content\/uploads\/2020\/03\/vintage-649760_1920.jpg",1600,1062,false],"thumbnail":["https:\/\/betterstudy.ch\/wp-content\/uploads\/2020\/03\/vintage-649760_1920-150x150.jpg",150,150,true],"medium":["https:\/\/betterstudy.ch\/wp-content\/uploads\/2020\/03\/vintage-649760_1920-300x199.jpg",300,199,true],"medium_large":["https:\/\/betterstudy.ch\/wp-content\/uploads\/2020\/03\/vintage-649760_1920-768x510.jpg",640,425,true],"large":["https:\/\/betterstudy.ch\/wp-content\/uploads\/2020\/03\/vintage-649760_1920-1024x680.jpg",640,425,true],"1536x1536":["https:\/\/betterstudy.ch\/wp-content\/uploads\/2020\/03\/vintage-649760_1920-1536x1020.jpg",1536,1020,true],"2048x2048":["https:\/\/betterstudy.ch\/wp-content\/uploads\/2020\/03\/vintage-649760_1920.jpg",1600,1062,false],"archive-thumb":["https:\/\/betterstudy.ch\/wp-content\/uploads\/2020\/03\/vintage-649760_1920.jpg",450,300,false],"woocommerce_thumbnail":["https:\/\/betterstudy.ch\/wp-content\/uploads\/2020\/03\/vintage-649760_1920-410x308.jpg",410,308,true],"woocommerce_single":["https:\/\/betterstudy.ch\/wp-content\/uploads\/2020\/03\/vintage-649760_1920-600x398.jpg",600,398,true],"woocommerce_gallery_thumbnail":["https:\/\/betterstudy.ch\/wp-content\/uploads\/2020\/03\/vintage-649760_1920-100x100.jpg",100,100,true],"variation_swatches_image_size":["https:\/\/betterstudy.ch\/wp-content\/uploads\/2020\/03\/vintage-649760_1920.jpg",50,33,false],"variation_swatches_tooltip_size":["https:\/\/betterstudy.ch\/wp-content\/uploads\/2020\/03\/vintage-649760_1920.jpg",100,66,false]},"uagb_author_info":{"display_name":"Christophe Rieder","author_link":"https:\/\/betterstudy.ch\/de\/author\/chris\/"},"uagb_comment_info":0,"uagb_excerpt":"Um das Thema Vorsteuer (entdecken Sie unsere Artikel zum Vorsteuerabzug und zur Korrektur des Vorsteuerabzugs) abzuschlie\u00dfen, hier ein letzter Artikel, der sich mit der Problematik der Nutzungs\u00e4nderungen befasst. F\u00fcr die Bestimmung einer Nutzungs\u00e4nderung sind die folgenden beiden Elemente [&hellip;]","_links":{"self":[{"href":"https:\/\/betterstudy.ch\/de\/wp-json\/wp\/v2\/posts\/53564","targetHints":{"allow":["GET"]}}],"collection":[{"href":"https:\/\/betterstudy.ch\/de\/wp-json\/wp\/v2\/posts"}],"about":[{"href":"https:\/\/betterstudy.ch\/de\/wp-json\/wp\/v2\/types\/post"}],"author":[{"embeddable":true,"href":"https:\/\/betterstudy.ch\/de\/wp-json\/wp\/v2\/users\/2"}],"replies":[{"embeddable":true,"href":"https:\/\/betterstudy.ch\/de\/wp-json\/wp\/v2\/comments?post=53564"}],"version-history":[{"count":0,"href":"https:\/\/betterstudy.ch\/de\/wp-json\/wp\/v2\/posts\/53564\/revisions"}],"wp:featuredmedia":[{"embeddable":true,"href":"https:\/\/betterstudy.ch\/de\/wp-json\/wp\/v2\/media\/873"}],"wp:attachment":[{"href":"https:\/\/betterstudy.ch\/de\/wp-json\/wp\/v2\/media?parent=53564"}],"wp:term":[{"taxonomy":"category","embeddable":true,"href":"https:\/\/betterstudy.ch\/de\/wp-json\/wp\/v2\/categories?post=53564"},{"taxonomy":"post_tag","embeddable":true,"href":"https:\/\/betterstudy.ch\/de\/wp-json\/wp\/v2\/tags?post=53564"}],"curies":[{"name":"wp","href":"https:\/\/api.w.org\/{rel}","templated":true}]}}