{"id":53562,"date":"2025-07-03T15:47:45","date_gmt":"2025-07-03T13:47:45","guid":{"rendered":"https:\/\/betterstudy.ch\/unkategorisiert\/le-decompte-tva-2\/"},"modified":"2025-07-03T15:47:50","modified_gmt":"2025-07-03T13:47:50","slug":"le-decompte-tva-2","status":"publish","type":"post","link":"https:\/\/betterstudy.ch\/de\/buchhaltung-besteuerung\/le-decompte-tva-2\/","title":{"rendered":"Die Mehrwertsteuerabrechnung"},"content":{"rendered":"\t\t<div data-elementor-type=\"wp-post\" data-elementor-id=\"53562\" class=\"elementor elementor-53562 elementor-25196\" data-elementor-post-type=\"post\">\n\t\t\t\t\t\t<section class=\"elementor-section elementor-top-section elementor-element elementor-element-410e1b40 elementor-section-boxed elementor-section-height-default elementor-section-height-default\" data-id=\"410e1b40\" data-element_type=\"section\" data-e-type=\"section\">\n\t\t\t\t\t\t<div class=\"elementor-container elementor-column-gap-default\">\n\t\t\t\t\t<div class=\"elementor-column elementor-col-100 elementor-top-column elementor-element elementor-element-cd7e9e2\" data-id=\"cd7e9e2\" data-element_type=\"column\" data-e-type=\"column\">\n\t\t\t<div class=\"elementor-widget-wrap elementor-element-populated\">\n\t\t\t\t\t\t<div class=\"elementor-element elementor-element-439c98de elementor-widget elementor-widget-text-editor\" data-id=\"439c98de\" data-element_type=\"widget\" data-e-type=\"widget\" data-widget_type=\"text-editor.default\">\n\t\t\t\t<div class=\"elementor-widget-container\">\n\t\t\t\t\t\t\t\t\t<div class=\"blog-post-title-font\" data-offset-key=\"bms6g-0-0\"><div data-offset-key=\"bms6g-0-0\"><div class=\"_1-RWK _2UVEf\" data-block=\"true\" data-editor=\"45m82\" data-offset-key=\"1et6k-0-0\"><div data-offset-key=\"1et6k-0-0\"><div class=\"blog-post-title-font\" data-offset-key=\"7f9gi-0-0\"><h3 class=\"public-DraftStyleDefault-block public-DraftStyleDefault-ltr\" data-offset-key=\"8l59v-0-0\"><span data-offset-key=\"8l59v-0-0\">Kontext<\/span><\/h3><\/div><blockquote class=\"_7NQ1- _3NwDk blog-quote-border-color\" data-block=\"true\" data-editor=\"45m82\" data-offset-key=\"foeuj-0-0\"><div class=\"public-DraftStyleDefault-block public-DraftStyleDefault-ltr\" data-offset-key=\"foeuj-0-0\"><span data-offset-key=\"foeuj-0-0\">\u201eDie Gegenleistung ist der Verm\u00f6genswert, den der Empf\u00e4nger oder ein Dritter an seiner Stelle als Gegenleistung f\u00fcr eine Leistung erbringt (<\/span><a class=\"_38Ip6 blog-link-hashtag-color\" href=\"http:\/\/www.admin.ch\/ch\/f\/rs\/641_20\/a3.html\" target=\"_blank\" rel=\"noopener noreferrer\"><span data-offset-key=\"foeuj-1-0\">Art. 3 Bst. f MWSTG <\/span><\/a><span data-offset-key=\"foeuj-2-0\">).\u201c <\/span><\/div><\/blockquote><div class=\"_1-RWK _2UVEf\" data-block=\"true\" data-editor=\"45m82\" data-offset-key=\"66hb0-0-0\"><div class=\"public-DraftStyleDefault-block public-DraftStyleDefault-ltr\" data-offset-key=\"66hb0-0-0\"> <\/div><\/div><div class=\"_1-RWK _2UVEf\" data-block=\"true\" data-editor=\"45m82\" data-offset-key=\"6v46u-0-0\"><div class=\"public-DraftStyleDefault-block public-DraftStyleDefault-ltr\" data-offset-key=\"6v46u-0-0\"><span data-offset-key=\"6v46u-0-0\">Mit anderen Worten, es handelt sich um alle Betr\u00e4ge, die den Kunden in Rechnung gestellt oder ohne Rechnung eingenommen werden und die in der Buchhaltung durch unsere Ums\u00e4tze dargestellt werden.<\/span><\/div><\/div><div class=\"_1-RWK _2UVEf\" data-block=\"true\" data-editor=\"45m82\" data-offset-key=\"ik44-0-0\"><div class=\"public-DraftStyleDefault-block public-DraftStyleDefault-ltr\" data-offset-key=\"ik44-0-0\"> <\/div><\/div><div class=\"_1-RWK _2UVEf\" data-block=\"true\" data-editor=\"45m82\" data-offset-key=\"3kf8s-0-0\"><div class=\"public-DraftStyleDefault-block public-DraftStyleDefault-ltr\" data-offset-key=\"3kf8s-0-0\"><span data-offset-key=\"3kf8s-0-0\">Jeder Mehrwertsteuerpflichtige, d.h. der Mehrwertsteuerzahler, der der Mehrwertsteuer f\u00fcr seine Verk\u00e4ufe unterliegt, gem\u00e4ss den Bedingungen, die in unserem Video \u00fcber die Funktionsweise der Mehrwertsteuer <\/span><span data-offset-key=\"3kf8s-0-1\">(unten)<\/span><span data-offset-key=\"3kf8s-0-2\"> sowie auf der Website der Eidgen\u00f6ssischen Steuerverwaltung (ESTV), Mehrwertsteuerinformationen, <\/span><a class=\"_38Ip6 blog-link-hashtag-color\" href=\"https:\/\/www.gate.estv.admin.ch\/mwst-webpublikationen\/public\/pages\/taxInfos\/cipherDisplay.xhtml?publicationId=1010164&amp;componentId=1010181&amp;winid=831407\" target=\"_blank\" rel=\"noopener noreferrer\"><span data-offset-key=\"3kf8s-1-0\">Brosch\u00fcre Nr. 2<\/span><\/a><span data-offset-key=\"3kf8s-2-0\">  ist verpflichtet, eine Mehrwertsteuerabrechnung auszuf\u00fcllen. Die   <\/span><a class=\"_38Ip6 blog-link-hashtag-color\" href=\"https:\/\/www.estv.admin.ch\/estv\/fr\/home\/mehrwertsteuer\/fachinformationen\/was-ist-die-mehrwertsteuer.html\" target=\"_blank\" rel=\"noopener noreferrer\"><span data-offset-key=\"3kf8s-3-0\">Funktionsweise der Mehrwertsteuer<\/span><\/a><span data-offset-key=\"3kf8s-4-0\"> und ihr Grundkonzept werden ebenfalls klar erl\u00e4utert.<\/span><\/div><div data-offset-key=\"3kf8s-0-0\"> <\/div><\/div><\/div><\/div><\/div><\/div><div data-offset-key=\"3kf8s-0-0\"> <\/div><div data-offset-key=\"3kf8s-0-0\"><\/div><div class=\"blog-post-title-font\" data-offset-key=\"bms6g-0-0\"><div data-offset-key=\"bms6g-0-0\"><div class=\"_1-RWK _2UVEf\" data-block=\"true\" data-editor=\"45m82\" data-offset-key=\"1et6k-0-0\"><div data-offset-key=\"1et6k-0-0\"> <\/div><div class=\"public-DraftStyleDefault-block public-DraftStyleDefault-ltr\" data-offset-key=\"1et6k-0-0\"><span data-offset-key=\"1et6k-0-0\"><a href=\"https:\/\/betterstudy.ch\/?p=4436\">Die Mehrwertsteuerabrechnung<\/a> erm\u00f6glicht es den Steuerpflichtigen, der ESTV die erzielten Ums\u00e4tze zu melden, indem sie die von den verschiedenen Lieferanten in Rechnung gestellte Mehrwertsteuer (Vorsteuer) abziehen und so den zu zahlenden oder zur\u00fcckzuerstattenden Nettobetrag ermitteln. <\/span><\/div><\/div><div class=\"_1-RWK _2UVEf\" data-block=\"true\" data-editor=\"45m82\" data-offset-key=\"51jsj-0-0\"><div class=\"public-DraftStyleDefault-block public-DraftStyleDefault-ltr\" data-offset-key=\"51jsj-0-0\"><span data-offset-key=\"51jsj-0-0\"> <\/span><\/div><\/div><div class=\"blog-post-title-font\" data-offset-key=\"285tn-0-0\"><h3 class=\"public-DraftStyleDefault-block public-DraftStyleDefault-ltr\" data-offset-key=\"285tn-0-0\"><span data-offset-key=\"285tn-0-0\">Satz<\/span><span data-offset-key=\"966ej-0-0\"> <\/span><\/h3><\/div><div class=\"_1-RWK _2UVEf\" data-block=\"true\" data-editor=\"45m82\" data-offset-key=\"5ejta-0-0\"><div class=\"public-DraftStyleDefault-block public-DraftStyleDefault-ltr\" data-offset-key=\"5ejta-0-0\"><span data-offset-key=\"5ejta-0-0\">In der Schweiz gelten derzeit folgende Steuers\u00e4tze: <\/span><\/div><\/div><div class=\"_1-RWK _2UVEf\" data-block=\"true\" data-editor=\"45m82\" data-offset-key=\"2mae1-0-0\"><div class=\"public-DraftStyleDefault-block public-DraftStyleDefault-ltr\" data-offset-key=\"2mae1-0-0\"><span data-offset-key=\"2mae1-0-0\"> <\/span><\/div><\/div><div class=\"_1-RWK _2UVEf\" data-block=\"true\" data-editor=\"45m82\" data-offset-key=\"bf6e2-0-0\"><div class=\"public-DraftStyleDefault-block public-DraftStyleDefault-ltr\" data-offset-key=\"bf6e2-0-0\"><span data-offset-key=\"bf6e2-0-0\">Normalsatz: 8 % <\/span><\/div><\/div><div class=\"_1-RWK _2UVEf\" data-block=\"true\" data-editor=\"45m82\" data-offset-key=\"5qe8k-0-0\"><div class=\"public-DraftStyleDefault-block public-DraftStyleDefault-ltr\" data-offset-key=\"5qe8k-0-0\"><span data-offset-key=\"5qe8k-0-0\">Reduzierter Satz: 2,5 %<\/span><\/div><\/div><div class=\"_1-RWK _2UVEf\" data-block=\"true\" data-editor=\"45m82\" data-offset-key=\"2agsr-0-0\"><div class=\"public-DraftStyleDefault-block public-DraftStyleDefault-ltr\" data-offset-key=\"2agsr-0-0\"><span data-offset-key=\"2agsr-0-0\">Sondersatz: 3,8 %<\/span><\/div><\/div><div class=\"_1-RWK _2UVEf\" data-block=\"true\" data-editor=\"45m82\" data-offset-key=\"ae5ut-0-0\"><div class=\"public-DraftStyleDefault-block public-DraftStyleDefault-ltr\" data-offset-key=\"ae5ut-0-0\"><span data-offset-key=\"ae5ut-0-0\"> <\/span><\/div><\/div><div class=\"_1-RWK _2UVEf\" data-block=\"true\" data-editor=\"45m82\" data-offset-key=\"acjtl-0-0\"><div class=\"public-DraftStyleDefault-block public-DraftStyleDefault-ltr\" data-offset-key=\"acjtl-0-0\"><span data-offset-key=\"acjtl-0-0\">Nach den j\u00fcngsten Abstimmungen vom 24. September 2017 in der Schweiz und der Ablehnung des Projekts \u201eAltersvorsorge 2020\u201c werden die Mehrwertsteuers\u00e4tze ab dem 1. Januar 2018 gesenkt und wie folgt aussehen:<\/span><\/div><\/div><div class=\"_1-RWK _2UVEf\" data-block=\"true\" data-editor=\"45m82\" data-offset-key=\"ae7q2-0-0\"><div class=\"public-DraftStyleDefault-block public-DraftStyleDefault-ltr\" data-offset-key=\"ae7q2-0-0\"><span data-offset-key=\"ae7q2-0-0\"> <\/span><\/div><\/div><div class=\"_1-RWK _2UVEf\" data-block=\"true\" data-editor=\"45m82\" data-offset-key=\"bn3e6-0-0\"><div class=\"public-DraftStyleDefault-block public-DraftStyleDefault-ltr\" data-offset-key=\"bn3e6-0-0\"><span data-offset-key=\"bn3e6-0-0\">Normalsatz: 7,7 % <\/span><\/div><\/div><div class=\"_1-RWK _2UVEf\" data-block=\"true\" data-editor=\"45m82\" data-offset-key=\"30gkv-0-0\"><div class=\"public-DraftStyleDefault-block public-DraftStyleDefault-ltr\" data-offset-key=\"30gkv-0-0\"><span data-offset-key=\"30gkv-0-0\">Reduzierter Satz (unver\u00e4ndert): 2,5 %<\/span><\/div><\/div><div class=\"_1-RWK _2UVEf\" data-block=\"true\" data-editor=\"45m82\" data-offset-key=\"3fi3d-0-0\"><div class=\"public-DraftStyleDefault-block public-DraftStyleDefault-ltr\" data-offset-key=\"3fi3d-0-0\"><span data-offset-key=\"3fi3d-0-0\">Sondersatz: 3,7 %<\/span><\/div><\/div><div class=\"_1-RWK _2UVEf\" data-block=\"true\" data-editor=\"45m82\" data-offset-key=\"8a33h-0-0\"><div class=\"public-DraftStyleDefault-block public-DraftStyleDefault-ltr\" data-offset-key=\"8a33h-0-0\"><span data-offset-key=\"8a33h-0-0\"> <\/span><\/div><\/div><div class=\"_1-RWK _2UVEf\" data-block=\"true\" data-editor=\"45m82\" data-offset-key=\"16t17-0-0\"><div class=\"public-DraftStyleDefault-block public-DraftStyleDefault-ltr\" data-offset-key=\"16t17-0-0\"><span data-offset-key=\"16t17-0-0\">Wir laden Sie auch ein, die Website der ESTV zu konsultieren, wo Sie die wichtigsten \u00c4nderungen einsehen k\u00f6nnen, die sich aus <\/span><a class=\"_38Ip6 blog-link-hashtag-color\" href=\"https:\/\/www.estv.admin.ch\/estv\/fr\/home\/mehrwertsteuer\/fachinformationen\/revmwstg.html\" target=\"_blank\" rel=\"noopener noreferrer\"><span data-offset-key=\"16t17-1-0\">der teilweisen Revision des Mehrwertsteuergesetzes vom 1. Januar 2018 (MWSTG)<\/span><\/a><span data-offset-key=\"16t17-2-0\"> ergeben.<\/span><\/div><\/div><div class=\"_1-RWK _2UVEf\" data-block=\"true\" data-editor=\"45m82\" data-offset-key=\"lrtc-0-0\"><div class=\"public-DraftStyleDefault-block public-DraftStyleDefault-ltr\" data-offset-key=\"lrtc-0-0\"><span data-offset-key=\"lrtc-0-0\"> <\/span><\/div><\/div><div class=\"blog-post-title-font\" data-offset-key=\"1i8rj-0-0\"><h3 class=\"public-DraftStyleDefault-block public-DraftStyleDefault-ltr\" data-offset-key=\"1i8rj-0-0\"><span data-offset-key=\"1i8rj-0-0\">Abrechnungsarten<\/span><\/h3><div class=\"public-DraftStyleDefault-block public-DraftStyleDefault-ltr\" data-offset-key=\"94bf0-0-0\"><span data-offset-key=\"94bf0-0-0\"> <\/span><\/div><\/div><div class=\"_1-RWK _2UVEf\" data-block=\"true\" data-editor=\"45m82\" data-offset-key=\"5b90j-0-0\"><div class=\"public-DraftStyleDefault-block public-DraftStyleDefault-ltr\" data-offset-key=\"5b90j-0-0\"><span data-offset-key=\"5b90j-0-0\">Die Mehrwertsteuerabrechnung erfolgt auf der Grundlage der Fakturierung, d.h. nach den <\/span><span data-offset-key=\"5b90j-0-1\">vereinbarten<\/span><span data-offset-key=\"5b90j-0-2\"> Gegenleistungen.<\/span><\/div><\/div><div class=\"_1-RWK _2UVEf\" data-block=\"true\" data-editor=\"45m82\" data-offset-key=\"30r6m-0-0\"><div class=\"public-DraftStyleDefault-block public-DraftStyleDefault-ltr\" data-offset-key=\"30r6m-0-0\"><span data-offset-key=\"30r6m-0-0\"> <\/span><\/div><\/div><div class=\"_1-RWK _2UVEf\" data-block=\"true\" data-editor=\"45m82\" data-offset-key=\"cndja-0-0\"><div class=\"public-DraftStyleDefault-block public-DraftStyleDefault-ltr\" data-offset-key=\"cndja-0-0\"><span data-offset-key=\"cndja-0-0\">Die ESTV erm\u00e4chtigt das steuerpflichtige Unternehmen, das dies beantragt, seine Mehrwertsteuerabrechnungen nach den erhaltenen <\/span><span data-offset-key=\"cndja-0-1\">Gegenleistungen<\/span> zu erstellen,<span data-offset-key=\"cndja-0-2\">  d.h. auf der Grundlage der Einnahmen\/Ausgaben, sofern dies seine Buchhaltung vereinfacht. Die ESTV muss die Bedingungen so festlegen, dass das Unternehmen weder bevorzugt noch benachteiligt wird. <\/span><\/div><\/div><div class=\"_1-RWK _2UVEf\" data-block=\"true\" data-editor=\"45m82\" data-offset-key=\"5hbna-0-0\"><div class=\"public-DraftStyleDefault-block public-DraftStyleDefault-ltr\" data-offset-key=\"5hbna-0-0\"><span data-offset-key=\"5hbna-0-0\"> <\/span><\/div><\/div><div class=\"_1-RWK _2UVEf\" data-block=\"true\" data-editor=\"45m82\" data-offset-key=\"en3vu-0-0\"><div class=\"public-DraftStyleDefault-block public-DraftStyleDefault-ltr\" data-offset-key=\"en3vu-0-0\"><span data-offset-key=\"en3vu-0-0\">Falls das Unternehmen auf der Grundlage seiner Fakturierung abrechnet und die vom Empf\u00e4nger erbrachte Gegenleistung letztendlich geringer ist als die vereinbarte Gegenleistung (insbesondere aufgrund eines Skontos, eines Rabatts, eines Verlusts) oder wenn die erhaltene Gegenleistung Gegenstand einer R\u00fcckerstattung ist (insbesondere aufgrund der Stornierung der Lieferung, eines nachtr\u00e4glich gew\u00e4hrten Rabatts, einer R\u00fcckverg\u00fctung), k\u00f6nnen wir diese Differenz durch Abzug vom steuerbaren Umsatz in der Abrechnung f\u00fcr den Zeitraum erfassen, in dem die Minderung der Gegenleistung verbucht oder die R\u00fcckerstattung erfolgte. <\/span><\/div><\/div><div class=\"_1-RWK _2UVEf\" data-block=\"true\" data-editor=\"45m82\" data-offset-key=\"f2rbb-0-0\"><div class=\"public-DraftStyleDefault-block public-DraftStyleDefault-ltr\" data-offset-key=\"f2rbb-0-0\"><span data-offset-key=\"f2rbb-0-0\"> <\/span><\/div><\/div><div class=\"_1-RWK _2UVEf\" data-block=\"true\" data-editor=\"45m82\" data-offset-key=\"f189l-0-0\"><div class=\"public-DraftStyleDefault-block public-DraftStyleDefault-ltr\" data-offset-key=\"f189l-0-0\"><span data-offset-key=\"f189l-0-0\">Falls die vom Empf\u00e4nger erbrachte Gegenleistung h\u00f6her ist als die vereinbarte Gegenleistung, wird der \u00dcberschuss in der Abrechnung f\u00fcr den Zeitraum verbucht, in dem die Gegenleistung eingegangen ist.<\/span><\/div><\/div><div class=\"_1-RWK _2UVEf\" data-block=\"true\" data-editor=\"45m82\" data-offset-key=\"3ha01-0-0\"><div class=\"public-DraftStyleDefault-block public-DraftStyleDefault-ltr\" data-offset-key=\"3ha01-0-0\"><span data-offset-key=\"3ha01-0-0\"> <\/span><\/div><\/div><div class=\"_1-RWK _2UVEf\" data-block=\"true\" data-editor=\"45m82\" data-offset-key=\"chah5-0-0\"><div class=\"public-DraftStyleDefault-block public-DraftStyleDefault-ltr\" data-offset-key=\"chah5-0-0\"><span data-offset-key=\"chah5-0-0\">Die ESTV kann diese Unternehmen verpflichten, ihre Steuerabrechnungen nach den erhaltenen Gegenleistungen zu erstellen, wenn sie einen Grossteil der Gegenleistungen vor der Lieferung der Ware oder der Erbringung der Dienstleistung oder vor der Erstellung der entsprechenden Rechnungen einziehen.<\/span><\/div><\/div><div class=\"_1-RWK _2UVEf\" data-block=\"true\" data-editor=\"45m82\" data-offset-key=\"c5e2e-0-0\"><div class=\"public-DraftStyleDefault-block public-DraftStyleDefault-ltr\" data-offset-key=\"c5e2e-0-0\"><span data-offset-key=\"c5e2e-0-0\"> <\/span><\/div><\/div><div class=\"_1-RWK _2UVEf\" data-block=\"true\" data-editor=\"45m82\" data-offset-key=\"1h3se-0-0\"><div class=\"public-DraftStyleDefault-block public-DraftStyleDefault-ltr\" data-offset-key=\"1h3se-0-0\"><span data-offset-key=\"1h3se-0-0\">Die Eidgen\u00f6ssische Steuerverwaltung (ESTV), <\/span><a class=\"_38Ip6 blog-link-hashtag-color\" href=\"https:\/\/www.gate.estv.admin.ch\/mwst-webpublikationen\/public\/pages\/taxInfos\/tableOfContent.xhtml?publicationId=1013189&amp;winid=831441\" target=\"_blank\" rel=\"noopener noreferrer\"><span data-offset-key=\"1h3se-1-0\">Mehrwertsteuerinformationen, Brosch\u00fcre Nr. 15<\/span><\/a><span data-offset-key=\"1h3se-2-0\"> geht auf diesen und die folgenden Punkte ein und gibt Ihnen zahlreiche Informationen.<\/span><\/div><\/div><div class=\"_1-RWK _2UVEf\" data-block=\"true\" data-editor=\"45m82\" data-offset-key=\"brvsg-0-0\"><div class=\"public-DraftStyleDefault-block public-DraftStyleDefault-ltr\" data-offset-key=\"brvsg-0-0\"><span data-offset-key=\"brvsg-0-0\"> <\/span><\/div><\/div><div class=\"blog-post-title-font\" data-offset-key=\"335kn-0-0\"><h3 class=\"public-DraftStyleDefault-block public-DraftStyleDefault-ltr\" data-offset-key=\"335kn-0-0\"><span data-offset-key=\"335kn-0-0\">Abrechnungsperiode<\/span><\/h3><div class=\"public-DraftStyleDefault-block public-DraftStyleDefault-ltr\" data-offset-key=\"bmeuv-0-0\"><span data-offset-key=\"bmeuv-0-0\"> <\/span><\/div><\/div><div class=\"_1-RWK _2UVEf\" data-block=\"true\" data-editor=\"45m82\" data-offset-key=\"6jnna-0-0\"><div class=\"public-DraftStyleDefault-block public-DraftStyleDefault-ltr\" data-offset-key=\"6jnna-0-0\"><span data-offset-key=\"6jnna-0-0\">Die Steuerabrechnungsperiode erstreckt sich:<\/span><\/div><\/div><div class=\"_1-RWK _2UVEf\" data-block=\"true\" data-editor=\"45m82\" data-offset-key=\"erm90-0-0\"><div class=\"public-DraftStyleDefault-block public-DraftStyleDefault-ltr\" data-offset-key=\"erm90-0-0\"><span data-offset-key=\"erm90-0-0\">&#8211; in der Regel auf das Kalenderquartal (effektive Abrechnungsmethode);<\/span><\/div><\/div><div class=\"_1-RWK _2UVEf\" data-block=\"true\" data-editor=\"45m82\" data-offset-key=\"fqim6-0-0\"><div class=\"public-DraftStyleDefault-block public-DraftStyleDefault-ltr\" data-offset-key=\"fqim6-0-0\"><span data-offset-key=\"fqim6-0-0\">&#8211; auf das Halbjahr bei Abrechnung mittels Saldosteuers\u00e4tzen;<\/span><\/div><\/div><div class=\"_1-RWK _2UVEf\" data-block=\"true\" data-editor=\"45m82\" data-offset-key=\"a19i8-0-0\"><div class=\"public-DraftStyleDefault-block public-DraftStyleDefault-ltr\" data-offset-key=\"a19i8-0-0\"><span data-offset-key=\"a19i8-0-0\">&#8211; auf das Jahr bei Erwerb von Dienstleistungen von Unternehmen mit Sitz im Ausland.<\/span><\/div><\/div><div class=\"_1-RWK _2UVEf\" data-block=\"true\" data-editor=\"45m82\" data-offset-key=\"c39b3-0-0\"><div class=\"public-DraftStyleDefault-block public-DraftStyleDefault-ltr\" data-offset-key=\"c39b3-0-0\"><span data-offset-key=\"c39b3-0-0\"> <\/span><\/div><\/div><div class=\"_1-RWK _2UVEf\" data-block=\"true\" data-editor=\"45m82\" data-offset-key=\"267o2-0-0\"><div class=\"public-DraftStyleDefault-block public-DraftStyleDefault-ltr\" data-offset-key=\"267o2-0-0\"><span data-offset-key=\"267o2-0-0\">Auf Antrag und in begr\u00fcndeten F\u00e4llen genehmigt die ESTV andere Abrechnungsperioden und legt die Bedingungen fest.<\/span><\/div><\/div><div class=\"_1-RWK _2UVEf\" data-block=\"true\" data-editor=\"45m82\" data-offset-key=\"748io-0-0\"><div class=\"public-DraftStyleDefault-block public-DraftStyleDefault-ltr\" data-offset-key=\"748io-0-0\"><span data-offset-key=\"748io-0-0\"> <\/span><\/div><\/div><div class=\"blog-post-title-font\" data-offset-key=\"5s5ei-0-0\"><h3 class=\"public-DraftStyleDefault-block public-DraftStyleDefault-ltr\" data-offset-key=\"5s5ei-0-0\"><span data-offset-key=\"5s5ei-0-0\">Selbstveranlagung<\/span><\/h3><div class=\"public-DraftStyleDefault-block public-DraftStyleDefault-ltr\" data-offset-key=\"dhbgh-0-0\"><span data-offset-key=\"dhbgh-0-0\"> <\/span><\/div><\/div><div class=\"_1-RWK _2UVEf\" data-block=\"true\" data-editor=\"45m82\" data-offset-key=\"1u9ia-0-0\"><div class=\"public-DraftStyleDefault-block public-DraftStyleDefault-ltr\" data-offset-key=\"1u9ia-0-0\"><span data-offset-key=\"1u9ia-0-0\">Das steuerpflichtige Unternehmen ist verpflichtet, die Steuer und die Vorsteuer der ESTV innerhalb von 60 Tagen nach Ablauf der Abrechnungsperiode spontan und in der vorgeschriebenen Form zu deklarieren. Endet die Steuerpflicht, beginnt die Frist ab diesem Zeitpunkt. <\/span><\/div><\/div><div class=\"_1-RWK _2UVEf\" data-block=\"true\" data-editor=\"45m82\" data-offset-key=\"7lbsj-0-0\"><div class=\"public-DraftStyleDefault-block public-DraftStyleDefault-ltr\" data-offset-key=\"7lbsj-0-0\"><span data-offset-key=\"7lbsj-0-0\"> <\/span><\/div><\/div><div class=\"blog-post-title-font\" data-offset-key=\"4k0vo-0-0\"><h3 class=\"public-DraftStyleDefault-block public-DraftStyleDefault-ltr\" data-offset-key=\"4k0vo-0-0\"><span data-offset-key=\"4k0vo-0-0\">Zahlung der Steuer <\/span><\/h3><div class=\"public-DraftStyleDefault-block public-DraftStyleDefault-ltr\" data-offset-key=\"dutfg-0-0\"><span data-offset-key=\"dutfg-0-0\"> <\/span><\/div><\/div><div class=\"_1-RWK _2UVEf\" data-block=\"true\" data-editor=\"45m82\" data-offset-key=\"3rbbb-0-0\"><div class=\"public-DraftStyleDefault-block public-DraftStyleDefault-ltr\" data-offset-key=\"3rbbb-0-0\"><span data-offset-key=\"3rbbb-0-0\">Innerhalb von 60 Tagen nach Ablauf der Abrechnungsperiode muss das steuerpflichtige Unternehmen die f\u00fcr diesen Zeitraum geschuldete Steuer an die ESTV \u00fcberweisen. Die Nettosteuer entspricht dem Umsatz abz\u00fcglich der Vorsteuer. Bei Zahlungsverzug ist ein Verzugszins ohne Rekursm\u00f6glichkeit zu entrichten.  <\/span><\/div><\/div><div class=\"_1-RWK _2UVEf\" data-block=\"true\" data-editor=\"45m82\" data-offset-key=\"5p6uc-0-0\"><div class=\"public-DraftStyleDefault-block public-DraftStyleDefault-ltr\" data-offset-key=\"5p6uc-0-0\"><span data-offset-key=\"5p6uc-0-0\"> <\/span><\/div><\/div><div class=\"_1-RWK _2UVEf\" data-block=\"true\" data-editor=\"45m82\" data-offset-key=\"4g8fv-0-0\"><div class=\"public-DraftStyleDefault-block public-DraftStyleDefault-ltr\" data-offset-key=\"4g8fv-0-0\"><span data-offset-key=\"4g8fv-0-0\">Die Mehrwertsteuer auf verlorene Forderungen, die auf das Konto \u201eVerluste aus Forderungen\u201c gebucht werden, kann durch Anrechnung auf die sp\u00e4ter f\u00e4llige Mehrwertsteuer zur\u00fcckgefordert werden. Diese Anrechnung kann ab dem Zeitpunkt erfolgen, an dem der Verlust verbucht wurde. Die Umbuchung dieser Forderungen auf ein spezifisches Konto \u201eZweifelhafte Forderungen\u201c erlaubt die Anrechnung der Steuer nicht.  <\/span><\/div><\/div><div class=\"_1-RWK _2UVEf\" data-block=\"true\" data-editor=\"45m82\" data-offset-key=\"f06dt-0-0\"><div class=\"public-DraftStyleDefault-block public-DraftStyleDefault-ltr\" data-offset-key=\"f06dt-0-0\"><span data-offset-key=\"f06dt-0-0\"> <\/span><\/div><\/div><div class=\"_1-RWK _2UVEf\" data-block=\"true\" data-editor=\"45m82\" data-offset-key=\"e9arm-0-0\"><div class=\"public-DraftStyleDefault-block public-DraftStyleDefault-ltr\" data-offset-key=\"e9arm-0-0\"><span data-offset-key=\"e9arm-0-0\">Pfandverpackungen k\u00f6nnen von der Mehrwertsteuerbemessungsgrundlage ausgenommen werden, wenn folgende Bedingungen erf\u00fcllt sind:<\/span><\/div><\/div><div class=\"_1-RWK _2UVEf\" data-block=\"true\" data-editor=\"45m82\" data-offset-key=\"cepjp-0-0\"><div class=\"public-DraftStyleDefault-block public-DraftStyleDefault-ltr\" data-offset-key=\"cepjp-0-0\"><span data-offset-key=\"cepjp-0-0\">\u00b7 Die Mehrwertsteuer darf nicht in Rechnung gestellt werden;<\/span><\/div><\/div><div class=\"_1-RWK _2UVEf\" data-block=\"true\" data-editor=\"45m82\" data-offset-key=\"kte-0-0\"><div class=\"public-DraftStyleDefault-block public-DraftStyleDefault-ltr\" data-offset-key=\"kte-0-0\"><span data-offset-key=\"kte-0-0\">\u00b7 Die Verpackungen m\u00fcssen innerhalb der \u00fcblichen Fristen der Branche zur\u00fcckgegeben werden.<\/span><\/div><\/div><div class=\"_1-RWK _2UVEf\" data-block=\"true\" data-editor=\"45m82\" data-offset-key=\"9q2f5-0-0\"><div class=\"public-DraftStyleDefault-block public-DraftStyleDefault-ltr\" data-offset-key=\"9q2f5-0-0\"><span data-offset-key=\"9q2f5-0-0\">Andernfalls ist die Mehrwertsteuer auf den Wert der nicht zur\u00fcckgegebenen Verpackungen zu entrichten. <\/span><\/div><\/div><div class=\"_1-RWK _2UVEf\" data-block=\"true\" data-editor=\"45m82\" data-offset-key=\"bloje-0-0\"><div class=\"public-DraftStyleDefault-block public-DraftStyleDefault-ltr\" data-offset-key=\"bloje-0-0\"><span data-offset-key=\"bloje-0-0\"> <\/span><\/div><\/div><div class=\"blog-post-title-font\" data-offset-key=\"7943d-0-0\"><h3 class=\"public-DraftStyleDefault-block public-DraftStyleDefault-ltr\" data-offset-key=\"7943d-0-0\"><span data-offset-key=\"7943d-0-0\">R\u00fcckerstattung der Steuer<\/span><\/h3><div class=\"public-DraftStyleDefault-block public-DraftStyleDefault-ltr\" data-offset-key=\"enn1e-0-0\"><span data-offset-key=\"enn1e-0-0\"> <\/span><\/div><\/div><div class=\"_1-RWK _2UVEf\" data-block=\"true\" data-editor=\"45m82\" data-offset-key=\"8mp8d-0-0\"><div class=\"public-DraftStyleDefault-block public-DraftStyleDefault-ltr\" data-offset-key=\"8mp8d-0-0\"><span data-offset-key=\"8mp8d-0-0\">Ist die abzugsf\u00e4hige Vorsteuer h\u00f6her als die geschuldete Steuer, wird der \u00fcberschiessende Betrag dem steuerpflichtigen Unternehmen zur\u00fcckerstattet.<\/span><\/div><\/div><div class=\"_1-RWK _2UVEf\" data-block=\"true\" data-editor=\"45m82\" data-offset-key=\"dc94t-0-0\"><div class=\"public-DraftStyleDefault-block public-DraftStyleDefault-ltr\" data-offset-key=\"dc94t-0-0\"><span data-offset-key=\"dc94t-0-0\"> <\/span><\/div><\/div><div class=\"_1-RWK _2UVEf\" data-block=\"true\" data-editor=\"45m82\" data-offset-key=\"8ik3d-0-0\"><div class=\"public-DraftStyleDefault-block public-DraftStyleDefault-ltr\" data-offset-key=\"8ik3d-0-0\"><span data-offset-key=\"8ik3d-0-0\">Wird der \u00fcberschiessende Betrag der Vorsteuer oder ein anderer Saldo zugunsten des steuerpflichtigen Unternehmens nach dem 60. Tag nach dem Tag, an dem die Abrechnung oder der schriftliche Antrag auf R\u00fcckerstattung des Saldos bei der ESTV eingegangen ist, zur\u00fcckerstattet, wird ein Verg\u00fctungszins zum f\u00fcr den Verzugszins geltenden Satz f\u00fcr den Zeitraum vom 61. Tag bis zum Tag der R\u00fcckerstattung gutgeschrieben. Ein Verg\u00fctungszins wird dem steuerpflichtigen Unternehmen auch dann gezahlt, wenn ihm zu Unrecht geforderte Betr\u00e4ge zur\u00fcckerstattet werden. <\/span><\/div><\/div><div class=\"_1-RWK _2UVEf\" data-block=\"true\" data-editor=\"45m82\" data-offset-key=\"ak90v-0-0\"><div class=\"public-DraftStyleDefault-block public-DraftStyleDefault-ltr\" data-offset-key=\"ak90v-0-0\"><span data-offset-key=\"ak90v-0-0\"> <\/span><\/div><\/div><div class=\"blog-post-title-font\" data-offset-key=\"6t9b2-0-0\"><h3 class=\"public-DraftStyleDefault-block public-DraftStyleDefault-ltr\" data-offset-key=\"6t9b2-0-0\"><span data-offset-key=\"6t9b2-0-0\">Die Buchung <\/span><\/h3><div class=\"public-DraftStyleDefault-block public-DraftStyleDefault-ltr\" data-offset-key=\"c6ear-0-0\"><span data-offset-key=\"c6ear-0-0\"> <\/span><\/div><\/div><div class=\"_1-RWK _2UVEf\" data-block=\"true\" data-editor=\"45m82\" data-offset-key=\"97rmj-0-0\"><div class=\"public-DraftStyleDefault-block public-DraftStyleDefault-ltr\" data-offset-key=\"97rmj-0-0\"><span data-offset-key=\"97rmj-0-0\">Das steuerpflichtige Unternehmen muss seine B\u00fccher ordnungsgem\u00e4ss f\u00fchren, damit die f\u00fcr die Bestimmung der Steuerpflicht, die Berechnung der Steuer und der abzugsf\u00e4higen Vorsteuer wichtigen Tatsachen leicht und sicher festgestellt werden k\u00f6nnen. <\/span><\/div><\/div><div class=\"_1-RWK _2UVEf\" data-block=\"true\" data-editor=\"45m82\" data-offset-key=\"bnar-0-0\"><div class=\"public-DraftStyleDefault-block public-DraftStyleDefault-ltr\" data-offset-key=\"bnar-0-0\"><span data-offset-key=\"bnar-0-0\"> <\/span><\/div><\/div><div class=\"_1-RWK _2UVEf\" data-block=\"true\" data-editor=\"45m82\" data-offset-key=\"dos8o-0-0\"><div class=\"public-DraftStyleDefault-block public-DraftStyleDefault-ltr\" data-offset-key=\"dos8o-0-0\"><span data-offset-key=\"dos8o-0-0\">Die B\u00fccher, Belege, Gesch\u00e4ftspapiere und andere Dokumente m\u00fcssen vom steuerpflichtigen Unternehmen 10 Jahre lang sorgf\u00e4ltig aufbewahrt werden. Gem\u00e4ss Art. 962 Abs. 2 OR m\u00fcssen jedoch die Belege f\u00fcr Immobilien 20 Jahre lang aufbewahrt werden. Ist die Steuerforderung, die diesen Belegen entspricht, bei Ablauf der Aufbewahrungsfrist noch nicht verj\u00e4hrt, bleibt diese Pflicht bis zur Verj\u00e4hrung bestehen.   <\/span><\/div><\/div><div class=\"_1-RWK _2UVEf\" data-block=\"true\" data-editor=\"45m82\" data-offset-key=\"1j10k-0-0\"><div class=\"public-DraftStyleDefault-block public-DraftStyleDefault-ltr\" data-offset-key=\"1j10k-0-0\"><span data-offset-key=\"1j10k-0-0\"> <\/span><\/div><\/div><div class=\"_1-RWK _2UVEf\" data-block=\"true\" data-editor=\"45m82\" data-offset-key=\"6ee9c-0-0\"><div class=\"public-DraftStyleDefault-block public-DraftStyleDefault-ltr\" data-offset-key=\"6ee9c-0-0\"><span data-offset-key=\"6ee9c-0-0\">Wenn die genaue Erfassung bestimmter wesentlicher Tatsachen, die f\u00fcr die Steuerberechnung erforderlich sind, f\u00fcr das steuerpflichtige Unternehmen einen zu grossen Aufwand bedeutet, muss die ESTV ihm Erleichterungen gew\u00e4hren und zulassen, dass er die Steuer weniger pr\u00e4zise berechnet, unter der Bedingung:<\/span><\/div><\/div><div class=\"_1-RWK _2UVEf\" data-block=\"true\" data-editor=\"45m82\" data-offset-key=\"aj14b-0-0\"><div class=\"public-DraftStyleDefault-block public-DraftStyleDefault-ltr\" data-offset-key=\"aj14b-0-0\"><span data-offset-key=\"aj14b-0-0\">&#8211; dass sich daraus keine wesentliche Minderung oder Erh\u00f6hung des Steuerbetrags ergibt;<\/span><\/div><\/div><div class=\"_1-RWK _2UVEf\" data-block=\"true\" data-editor=\"45m82\" data-offset-key=\"b305u-0-0\"><div class=\"public-DraftStyleDefault-block public-DraftStyleDefault-ltr\" data-offset-key=\"b305u-0-0\"><span data-offset-key=\"b305u-0-0\">&#8211; dass sich daraus keine erhebliche Wettbewerbsverzerrung ergibt;<\/span><\/div><\/div><div class=\"_1-RWK _2UVEf\" data-block=\"true\" data-editor=\"45m82\" data-offset-key=\"e2qol-0-0\"><div class=\"public-DraftStyleDefault-block public-DraftStyleDefault-ltr\" data-offset-key=\"e2qol-0-0\"><span data-offset-key=\"e2qol-0-0\">&#8211; dass dies die Abrechnungen anderer steuerpflichtiger Unternehmen oder die Steuerkontrollen nicht zu stark erschwert.<\/span><\/div><\/div><div class=\"_1-RWK _2UVEf\" data-block=\"true\" data-editor=\"45m82\" data-offset-key=\"1i0ni-0-0\"><div class=\"public-DraftStyleDefault-block public-DraftStyleDefault-ltr\" data-offset-key=\"1i0ni-0-0\"><span data-offset-key=\"1i0ni-0-0\"> <\/span><\/div><\/div><div class=\"_1-RWK _2UVEf\" data-block=\"true\" data-editor=\"45m82\" data-offset-key=\"5c0r2-0-0\"><div class=\"public-DraftStyleDefault-block public-DraftStyleDefault-ltr\" data-offset-key=\"5c0r2-0-0\"><span data-offset-key=\"5c0r2-0-0\">Auf der Website der Eidgen\u00f6ssischen Steuerverwaltung (ESTV), <\/span><a class=\"_38Ip6 blog-link-hashtag-color\" href=\"https:\/\/www.gate.estv.admin.ch\/mwst-webpublikationen\/public\/pages\/taxInfos\/tableOfContent.xhtml?publicationId=1002536&amp;winid=831407\" target=\"_blank\" rel=\"noopener noreferrer\"><span data-offset-key=\"5c0r2-1-0\">Mehrwertsteuerinformationen, Brosch\u00fcre Nr. 16<\/span><\/a><span data-offset-key=\"5c0r2-2-0\"> finden Sie alle Details zur Buchhaltung und Fakturierung.<\/span><\/div><\/div><div class=\"_1-RWK _2UVEf\" data-block=\"true\" data-editor=\"45m82\" data-offset-key=\"be0tb-0-0\"><div class=\"public-DraftStyleDefault-block public-DraftStyleDefault-ltr\" data-offset-key=\"be0tb-0-0\"><span data-offset-key=\"be0tb-0-0\"> <\/span><\/div><\/div><div class=\"blog-post-title-font\" data-offset-key=\"39iub-0-0\"><h3 class=\"public-DraftStyleDefault-block public-DraftStyleDefault-ltr\" data-offset-key=\"39iub-0-0\"><span data-offset-key=\"39iub-0-0\">Mehrwertsteuerabrechnung<\/span><\/h3><div class=\"public-DraftStyleDefault-block public-DraftStyleDefault-ltr\" data-offset-key=\"baf74-0-0\"><span data-offset-key=\"baf74-0-0\"> <\/span><\/div><\/div><div class=\"_1-RWK _2UVEf\" data-block=\"true\" data-editor=\"45m82\" data-offset-key=\"2eo5-0-0\"><div class=\"public-DraftStyleDefault-block public-DraftStyleDefault-ltr\" data-offset-key=\"2eo5-0-0\"><span data-offset-key=\"2eo5-0-0\">Die Mehrwertsteuerabrechnung f\u00fcr den jeweiligen Steuerzeitraum (siehe oben) auf einem detaillierten amtlichen Formular, das den Umsatz und die Steuerberechnung angibt, umfasst drei Teile (I = Umsatz, II = Steuerberechnung, III = Sonstige Geldfl\u00fcsse) sowie nummerierte Felder. Alle auf diesem Dokument eingetragenen Betr\u00e4ge werden netto (ohne Mehrwertsteuer \u2013 die g\u00e4ngigste Methode) oder brutto (inkl. Mehrwertsteuer) eingetragen (aber keine gemischten Zahlen). <\/span><\/div><\/div><div class=\"_1-RWK _2UVEf\" data-block=\"true\" data-editor=\"45m82\" data-offset-key=\"1np9p-0-0\"><div class=\"public-DraftStyleDefault-block public-DraftStyleDefault-ltr\" data-offset-key=\"1np9p-0-0\"><span data-offset-key=\"1np9p-0-0\"> <\/span><\/div><\/div><div class=\"_1-RWK _2UVEf\" data-block=\"true\" data-editor=\"45m82\" data-offset-key=\"9tv7l-0-0\"><div class=\"public-DraftStyleDefault-block public-DraftStyleDefault-ltr\" data-offset-key=\"9tv7l-0-0\"><span data-offset-key=\"9tv7l-0-0\">Bei Betr\u00e4gen ohne Mehrwertsteuer wird, sobald der Betrag der Gegenleistung feststeht, dieser mit dem entsprechenden Steuersatz multipliziert und man erh\u00e4lt so den zu zahlenden Mehrwertsteuerbetrag. Die Gegenleistung entspricht 100 % (Nettogegenleistung). Die Mehrwertsteuer wird diesem Nettobetrag hinzugef\u00fcgt. Die Gegenleistung einschliesslich Mehrwertsteuer wird als Bruttogegenleistung bezeichnet, die 102,5 % f\u00fcr den reduzierten Satz, 103,8 % f\u00fcr den Sondersatz und 108 % f\u00fcr den Normalsatz entspricht; siehe auch die   <\/span><a class=\"_38Ip6 blog-link-hashtag-color\" href=\"https:\/\/www.gate.estv.admin.ch\/mwst-webpublikationen\/public\/IT\/15\" target=\"_blank\" rel=\"noopener noreferrer\"><span data-offset-key=\"9tv7l-1-0\">Mehrwertsteuerinformationen Abrechnung und Zahlung der Steuer<\/span><\/a><span data-offset-key=\"9tv7l-2-0\">.<\/span><\/div><\/div><div class=\"_1-RWK _2UVEf\" data-block=\"true\" data-editor=\"45m82\" data-offset-key=\"10vem-0-0\"><div class=\"public-DraftStyleDefault-block public-DraftStyleDefault-ltr\" data-offset-key=\"10vem-0-0\"><span data-offset-key=\"10vem-0-0\"> <\/span><\/div><\/div><div class=\"_1-RWK _2UVEf\" data-block=\"true\" data-editor=\"45m82\" data-offset-key=\"arnvl-0-0\"><div class=\"public-DraftStyleDefault-block public-DraftStyleDefault-ltr\" data-offset-key=\"arnvl-0-0\"><span data-offset-key=\"arnvl-0-0\">Derzeit werden drei Steuers\u00e4tze angewendet: der reduzierte Satz (2,5 %), der Sondersatz (3,8 %) und der Normalsatz (8 %).<\/span><\/div><\/div><div class=\"_1-RWK _2UVEf\" data-block=\"true\" data-editor=\"45m82\" data-offset-key=\"98t1c-0-0\"><div class=\"public-DraftStyleDefault-block public-DraftStyleDefault-ltr\" data-offset-key=\"98t1c-0-0\"><span data-offset-key=\"98t1c-0-0\"> <\/span><\/div><\/div><div class=\"_1-RWK _2UVEf\" data-block=\"true\" data-editor=\"45m82\" data-offset-key=\"6pcii-0-0\"><div class=\"public-DraftStyleDefault-block public-DraftStyleDefault-ltr\" data-offset-key=\"6pcii-0-0\"><span data-offset-key=\"6pcii-0-0\">Betrachten wir nun die Details der Felder der Abrechnung, die auch in der oben genannten Brosch\u00fcre Nr. 15 detailliert beschrieben sind: <\/span><\/div><\/div><div class=\"_1-RWK _2UVEf\" data-block=\"true\" data-editor=\"45m82\" data-offset-key=\"fnvv5-0-0\"><div class=\"public-DraftStyleDefault-block public-DraftStyleDefault-ltr\" data-offset-key=\"fnvv5-0-0\"><span data-offset-key=\"fnvv5-0-0\"> <\/span><\/div><\/div><div class=\"_1-RWK _2UVEf\" data-block=\"true\" data-editor=\"45m82\" data-offset-key=\"5k3r5-0-0\"><div class=\"public-DraftStyleDefault-block public-DraftStyleDefault-ltr\" data-offset-key=\"5k3r5-0-0\"><span style=\"text-decoration: underline;\">Ziffer 200 Gesamtbetrag der vereinbarten (oder erhaltenen) Gegenleistungen<\/span><\/div><\/div><div class=\"_1-RWK _2UVEf\" data-block=\"true\" data-editor=\"45m82\" data-offset-key=\"5b5dq-0-0\"><div class=\"public-DraftStyleDefault-block public-DraftStyleDefault-ltr\" data-offset-key=\"5b5dq-0-0\"><span data-offset-key=\"5b5dq-0-0\"> <\/span><\/div><\/div><div class=\"_1-RWK _2UVEf\" data-block=\"true\" data-editor=\"45m82\" data-offset-key=\"65nbt-0-0\"><div class=\"public-DraftStyleDefault-block public-DraftStyleDefault-ltr\" data-offset-key=\"65nbt-0-0\"><span data-offset-key=\"65nbt-0-0\">Abrechnung nach vereinbarten Gegenleistungen (auf der Grundlage der Fakturierung)<\/span><\/div><\/div><div class=\"_1-RWK _2UVEf\" data-block=\"true\" data-editor=\"45m82\" data-offset-key=\"bj3hl-0-0\"><div class=\"public-DraftStyleDefault-block public-DraftStyleDefault-ltr\" data-offset-key=\"bj3hl-0-0\"><span data-offset-key=\"bj3hl-0-0\">Wenn das Unternehmen diese Abrechnungsart anwendet, werden die bar erhaltenen Einnahmen ohne Fakturierung ebenfalls unter Ziffer 200 aufgef\u00fchrt.<\/span><\/div><\/div><div class=\"_1-RWK _2UVEf\" data-block=\"true\" data-editor=\"45m82\" data-offset-key=\"8lrjg-0-0\"><div class=\"public-DraftStyleDefault-block public-DraftStyleDefault-ltr\" data-offset-key=\"8lrjg-0-0\"><span data-offset-key=\"8lrjg-0-0\"> <\/span><\/div><\/div><div class=\"_1-RWK _2UVEf\" data-block=\"true\" data-editor=\"45m82\" data-offset-key=\"1gbrm-0-0\"><div class=\"public-DraftStyleDefault-block public-DraftStyleDefault-ltr\" data-offset-key=\"1gbrm-0-0\"><span data-offset-key=\"1gbrm-0-0\">Abrechnung nach erhaltenen Gegenleistungen (auf der Grundlage der Zahlungseing\u00e4nge)<\/span><\/div><\/div><div class=\"_1-RWK _2UVEf\" data-block=\"true\" data-editor=\"45m82\" data-offset-key=\"7jjav-0-0\"><div class=\"public-DraftStyleDefault-block public-DraftStyleDefault-ltr\" data-offset-key=\"7jjav-0-0\"><span data-offset-key=\"7jjav-0-0\">Diese Abrechnungsart wird von der ESTV f\u00fcr steuerpflichtige Unternehmen, die dies beantragen, genehmigt, sofern sie f\u00fcr sie buchhalterisch einfacher ist.<\/span><\/div><\/div><div class=\"_1-RWK _2UVEf\" data-block=\"true\" data-editor=\"45m82\" data-offset-key=\"cup4c-0-0\"><div class=\"public-DraftStyleDefault-block public-DraftStyleDefault-ltr\" data-offset-key=\"cup4c-0-0\"><span data-offset-key=\"cup4c-0-0\"> <\/span><\/div><\/div><div class=\"_1-RWK _2UVEf\" data-block=\"true\" data-editor=\"45m82\" data-offset-key=\"849lj-0-0\"><div class=\"public-DraftStyleDefault-block public-DraftStyleDefault-ltr\" data-offset-key=\"849lj-0-0\"><span style=\"text-decoration: underline;\">Ziffer 205 Optionen gem\u00e4ss Art. 22<\/span><\/div><\/div><div class=\"_1-RWK _2UVEf\" data-block=\"true\" data-editor=\"45m82\" data-offset-key=\"1thlk-0-0\"><div class=\"public-DraftStyleDefault-block public-DraftStyleDefault-ltr\" data-offset-key=\"1thlk-0-0\"><span data-offset-key=\"1thlk-0-0\"> <\/span><\/div><\/div><div class=\"_1-RWK _2UVEf\" data-block=\"true\" data-editor=\"45m82\" data-offset-key=\"5bml0-0-0\"><div class=\"public-DraftStyleDefault-block public-DraftStyleDefault-ltr\" data-offset-key=\"5bml0-0-0\"><span data-offset-key=\"5bml0-0-0\">In diesem Konto wird der Betrag der erhaltenen Gegenleistungen f\u00fcr nicht steuerbare Leistungen angegeben, f\u00fcr die das Unternehmen gem\u00e4ss  <\/span><a class=\"_38Ip6 blog-link-hashtag-color\" href=\"https:\/\/www.admin.ch\/opc\/fr\/classified-compilation\/20081110\/index.html#a22\" target=\"_blank\" rel=\"noopener noreferrer\"><span data-offset-key=\"5bml0-1-0\">Art. 22 MWSTG <\/span><\/a><span data-offset-key=\"5bml0-2-0\">  (siehe auch Artikel 21) optiert hat. Dieser Betrag ist bereits im unter Ziffer 200 eingetragenen Betrag enthalten. <\/span><\/div><\/div><div class=\"_1-RWK _2UVEf\" data-block=\"true\" data-editor=\"45m82\" data-offset-key=\"10maq-0-0\"><div class=\"public-DraftStyleDefault-block public-DraftStyleDefault-ltr\" data-offset-key=\"10maq-0-0\"><span data-offset-key=\"10maq-0-0\"> <\/span><\/div><\/div><div class=\"_1-RWK _2UVEf\" data-block=\"true\" data-editor=\"45m82\" data-offset-key=\"c9vmv-0-0\"><div class=\"public-DraftStyleDefault-block public-DraftStyleDefault-ltr\" data-offset-key=\"c9vmv-0-0\"><span style=\"text-decoration: underline;\">Ziffer 220 Steuerbefreite Leistungen im Inland, <a class=\"_38Ip6 blog-link-hashtag-color\" href=\"https:\/\/www.admin.ch\/opc\/fr\/classified-compilation\/20081110\/index.html#a23\" target=\"_blank\" rel=\"noopener noreferrer\">Art. 23 MWSTG<\/a> \/ Lieferungen von G\u00fctern f\u00fcr den Export \/ Leistungen an Empf\u00e4nger gem\u00e4ss MWSTG (<a class=\"_38Ip6 blog-link-hashtag-color\" href=\"http:\/\/www.admin.ch\/opc\/fr\/classified-compilation\/20081110\/index.html#a107\" target=\"_blank\" rel=\"noopener noreferrer\">Art. 107 Abs. 1 Bst. a <\/a>)<\/span><\/div><\/div><div class=\"_1-RWK _2UVEf\" data-block=\"true\" data-editor=\"45m82\" data-offset-key=\"dkcc0-0-0\"><div class=\"public-DraftStyleDefault-block public-DraftStyleDefault-ltr\" data-offset-key=\"dkcc0-0-0\"><span data-offset-key=\"dkcc0-0-0\"> <\/span><\/div><\/div><div class=\"_1-RWK _2UVEf\" data-block=\"true\" data-editor=\"45m82\" data-offset-key=\"e8dc8-0-0\"><div class=\"public-DraftStyleDefault-block public-DraftStyleDefault-ltr\" data-offset-key=\"e8dc8-0-0\"><span data-offset-key=\"e8dc8-0-0\">Diese Leistungen sind entweder steuerbefreit oder nicht der Mehrwertsteuer unterworfen, was bedeutet, dass auf den daraus resultierenden Umsatz keine Mehrwertsteuer geschuldet ist, sie aber dennoch zum Vorsteuerabzug auf die Aufwendungen berechtigen. Diese Ums\u00e4tze werden unter Ziffer 200 deklariert und der entsprechende Abzug kann unter Ziffer 220 vorgenommen werden, sofern das Unternehmen den nicht steuerbaren Charakter unbestreitbar nachweist. <\/span><\/div><\/div><div class=\"_1-RWK _2UVEf\" data-block=\"true\" data-editor=\"45m82\" data-offset-key=\"d9cqk-0-0\"><div class=\"public-DraftStyleDefault-block public-DraftStyleDefault-ltr\" data-offset-key=\"d9cqk-0-0\"><span data-offset-key=\"d9cqk-0-0\"> <\/span><\/div><\/div><div class=\"_1-RWK _2UVEf\" data-block=\"true\" data-editor=\"45m82\" data-offset-key=\"3frk5-0-0\"><div class=\"public-DraftStyleDefault-block public-DraftStyleDefault-ltr\" data-offset-key=\"3frk5-0-0\"><span style=\"text-decoration: underline;\">Ziffer 221 Leistungen im Ausland \/ Dienstleistungen, deren Leistungsort im Ausland liegt<\/span><\/div><\/div><div class=\"_1-RWK _2UVEf\" data-block=\"true\" data-editor=\"45m82\" data-offset-key=\"sjou-0-0\"><div class=\"public-DraftStyleDefault-block public-DraftStyleDefault-ltr\" data-offset-key=\"sjou-0-0\"><span data-offset-key=\"sjou-0-0\"> <\/span><\/div><\/div><div class=\"_1-RWK _2UVEf\" data-block=\"true\" data-editor=\"45m82\" data-offset-key=\"bf1sf-0-0\"><div class=\"public-DraftStyleDefault-block public-DraftStyleDefault-ltr\" data-offset-key=\"bf1sf-0-0\"><span data-offset-key=\"bf1sf-0-0\">Diese Leistungen sind entweder steuerbefreit oder nicht der Mehrwertsteuer unterworfen, was bedeutet, dass auf den daraus resultierenden Umsatz keine Mehrwertsteuer geschuldet ist, sie aber dennoch zum Vorsteuerabzug auf die Aufwendungen berechtigen. Diese Ums\u00e4tze werden unter Ziffer 200 deklariert und der entsprechende Abzug kann unter Ziffer 221 vorgenommen werden, sofern das Unternehmen den nicht steuerbaren Charakter unbestreitbar nachweist. <\/span><\/div><\/div><div class=\"_1-RWK _2UVEf\" data-block=\"true\" data-editor=\"45m82\" data-offset-key=\"efmu7-0-0\"><div class=\"public-DraftStyleDefault-block public-DraftStyleDefault-ltr\" data-offset-key=\"efmu7-0-0\"><span data-offset-key=\"efmu7-0-0\"> <\/span><\/div><\/div><div class=\"_1-RWK _2UVEf\" data-block=\"true\" data-editor=\"45m82\" data-offset-key=\"8m53-0-0\"><div class=\"public-DraftStyleDefault-block public-DraftStyleDefault-ltr\" data-offset-key=\"8m53-0-0\"><span style=\"text-decoration: underline;\">Ziffer 225 Einkaufswerte bei Anwendung des Verfahrens nach Artikel 38 MWSTG (Margenbesteuerung)<\/span><\/div><\/div><div class=\"_1-RWK _2UVEf\" data-block=\"true\" data-editor=\"45m82\" data-offset-key=\"6cq3b-0-0\"><div class=\"public-DraftStyleDefault-block public-DraftStyleDefault-ltr\" data-offset-key=\"6cq3b-0-0\"><span data-offset-key=\"6cq3b-0-0\"> <\/span><\/div><\/div><div class=\"_1-RWK _2UVEf\" data-block=\"true\" data-editor=\"45m82\" data-offset-key=\"4t24i-0-0\"><div class=\"public-DraftStyleDefault-block public-DraftStyleDefault-ltr\" data-offset-key=\"4t24i-0-0\"><span data-offset-key=\"4t24i-0-0\">Wenn steuerpflichtige Unternehmen eine identifizierbare gebrauchte bewegliche Sache zum Weiterverkauf erwerben, k\u00f6nnen sie bei der Berechnung der auf den unter Ziffer 200 deklarierten Verkauf geschuldeten Mehrwertsteuer vom Verkaufspreis den Einkaufspreis dieser Sache abziehen, sofern sie nicht zum Vorsteuerabzug auf den Einkaufspreis berechtigt waren oder dieses Recht nicht ausge\u00fcbt haben. Der relevante Einkaufspreis kann unter Ziffer 225 abgezogen werden. <\/span><\/div><\/div><div class=\"_1-RWK _2UVEf\" data-block=\"true\" data-editor=\"45m82\" data-offset-key=\"et11b-0-0\"><div class=\"public-DraftStyleDefault-block public-DraftStyleDefault-ltr\" data-offset-key=\"et11b-0-0\"><span data-offset-key=\"et11b-0-0\"> <\/span><\/div><\/div><div class=\"_1-RWK _2UVEf\" data-block=\"true\" data-editor=\"45m82\" data-offset-key=\"5af28-0-0\"><div class=\"public-DraftStyleDefault-block public-DraftStyleDefault-ltr\" data-offset-key=\"5af28-0-0\"><span style=\"text-decoration: underline;\">Ziffer 230 Vom Geltungsbereich der Steuer ausgenommene Vorg\u00e4nge, <a class=\"_38Ip6 blog-link-hashtag-color\" href=\"https:\/\/www.admin.ch\/opc\/fr\/classified-compilation\/20081110\/index.html#a21\" target=\"_blank\" rel=\"noopener noreferrer\">Art. 21 MWSTG<\/a>, f\u00fcr die nicht optiert wurde (Art. 22 MWSTG)<\/span><\/div><\/div><div class=\"_1-RWK _2UVEf\" data-block=\"true\" data-editor=\"45m82\" data-offset-key=\"7bsbv-0-0\"><div class=\"public-DraftStyleDefault-block public-DraftStyleDefault-ltr\" data-offset-key=\"7bsbv-0-0\"><span data-offset-key=\"7bsbv-0-0\"> <\/span><\/div><\/div><div class=\"_1-RWK _2UVEf\" data-block=\"true\" data-editor=\"45m82\" data-offset-key=\"ef5tl-0-0\"><div class=\"public-DraftStyleDefault-block public-DraftStyleDefault-ltr\" data-offset-key=\"ef5tl-0-0\"><span data-offset-key=\"ef5tl-0-0\">Vom Geltungsbereich der Steuer ausgenommene Vorg\u00e4nge wurden nicht durch Option besteuert, was bedeutet, dass auf den daraus resultierenden Umsatz keine Mehrwertsteuer geschuldet ist, sie aber keinen Anspruch auf Vorsteuerabzug begr\u00fcnden. In diesem Fall m\u00fcssen sie ebenfalls unter Ziffer 200 deklariert werden. Ebenso erfolgt die gleiche Erfassung f\u00fcr Ums\u00e4tze aus einem Teil des Betriebs, der nicht der Mehrwertsteuerpflicht unterliegt. Nachdem diese Vorg\u00e4nge unter Ziffer 200 deklariert wurden, werden sie in Form eines Abzugs f\u00fcr Subventionen und Spenden unter Ziffer 230 erfasst.   <\/span><\/div><\/div><div class=\"_1-RWK _2UVEf\" data-block=\"true\" data-editor=\"45m82\" data-offset-key=\"71e5m-0-0\"><div class=\"public-DraftStyleDefault-block public-DraftStyleDefault-ltr\" data-offset-key=\"71e5m-0-0\"><span data-offset-key=\"71e5m-0-0\"> <\/span><\/div><\/div><div class=\"_1-RWK _2UVEf\" data-block=\"true\" data-editor=\"45m82\" data-offset-key=\"7vvgr-0-0\"><div class=\"public-DraftStyleDefault-block public-DraftStyleDefault-ltr\" data-offset-key=\"7vvgr-0-0\"><span style=\"text-decoration: underline;\">Ziffer 235 Minderungen der Gegenleistung (z.B. Skonti, Rabatte, Verluste) f\u00fcr steuerbare Ums\u00e4tze<\/span><\/div><\/div><div class=\"_1-RWK _2UVEf\" data-block=\"true\" data-editor=\"45m82\" data-offset-key=\"ak9pp-0-0\"><div class=\"public-DraftStyleDefault-block public-DraftStyleDefault-ltr\" data-offset-key=\"ak9pp-0-0\"><span data-offset-key=\"ak9pp-0-0\"> <\/span><\/div><\/div><div class=\"_1-RWK _2UVEf\" data-block=\"true\" data-editor=\"45m82\" data-offset-key=\"f4c17-0-0\"><div class=\"public-DraftStyleDefault-block public-DraftStyleDefault-ltr\" data-offset-key=\"f4c17-0-0\"><span data-offset-key=\"f4c17-0-0\">Wenn die Mehrwertsteuerabrechnung nach den vereinbarten Gegenleistungen erstellt wird, k\u00f6nnen Minderungen der Gegenleistung, wie Skonti, Rabatte und Verluste auf steuerbare Ums\u00e4tze, unter dieser Ziffer abgezogen werden. Hinsichtlich der R\u00fcckverg\u00fctungen und anderer nachtr\u00e4glich gew\u00e4hrter Preisnachl\u00e4sse k\u00f6nnen diese unabh\u00e4ngig von der angewandten Abrechnungsart abgezogen werden, sofern die entsprechenden Ums\u00e4tze zuvor unter Ziffer 200 deklariert wurden. <\/span><\/div><\/div><div class=\"_1-RWK _2UVEf\" data-block=\"true\" data-editor=\"45m82\" data-offset-key=\"l4eg-0-0\"><div class=\"public-DraftStyleDefault-block public-DraftStyleDefault-ltr\" data-offset-key=\"l4eg-0-0\"><span data-offset-key=\"l4eg-0-0\"> <\/span><\/div><\/div><div class=\"_1-RWK _2UVEf\" data-block=\"true\" data-editor=\"45m82\" data-offset-key=\"cu0a9-0-0\"><div class=\"public-DraftStyleDefault-block public-DraftStyleDefault-ltr\" data-offset-key=\"cu0a9-0-0\"><span style=\"text-decoration: underline;\">Ziffer 280 Verschiedenes (z.B. Lieferungen von Goldm\u00fcnzen und Feingold, Lieferungen von G\u00fctern an Luftfahrtunternehmen)<\/span><\/div><\/div><div class=\"_1-RWK _2UVEf\" data-block=\"true\" data-editor=\"45m82\" data-offset-key=\"12tno-0-0\"><div class=\"public-DraftStyleDefault-block public-DraftStyleDefault-ltr\" data-offset-key=\"12tno-0-0\"><span data-offset-key=\"12tno-0-0\"> <\/span><\/div><\/div><div class=\"_1-RWK _2UVEf\" data-block=\"true\" data-editor=\"45m82\" data-offset-key=\"74kv2-0-0\"><div class=\"public-DraftStyleDefault-block public-DraftStyleDefault-ltr\" data-offset-key=\"74kv2-0-0\"><span data-offset-key=\"74kv2-0-0\">Unter Ziffer 280 k\u00f6nnen alle abzugsf\u00e4higen Betr\u00e4ge erfasst werden, die nicht unter den Ziffern 220 bis 235 erfasst werden k\u00f6nnen, sofern die entsprechenden Ums\u00e4tze unter Ziffer 200 deklariert wurden. In diese Kategorie fallen Ums\u00e4tze aus steuerbefreiten Lieferungen von Goldm\u00fcnzen und Feingold oder steuerbefreiten Lieferungen von G\u00fctern an Luftfahrtunternehmen sowie Nicht-Operationen wie Einnahmen aus Lieferungen von steuerbefreiten G\u00fctern an Luftfahrtunternehmen, Dividenden, Verzugszinsen und Schadenersatz. <\/span><\/div><\/div><div class=\"_1-RWK _2UVEf\" data-block=\"true\" data-editor=\"45m82\" data-offset-key=\"au3qn-0-0\"><div class=\"public-DraftStyleDefault-block public-DraftStyleDefault-ltr\" data-offset-key=\"au3qn-0-0\"><span data-offset-key=\"au3qn-0-0\"> <\/span><\/div><\/div><div class=\"_1-RWK _2UVEf\" data-block=\"true\" data-editor=\"45m82\" data-offset-key=\"4582j-0-0\"><div class=\"public-DraftStyleDefault-block public-DraftStyleDefault-ltr\" data-offset-key=\"4582j-0-0\"><span data-offset-key=\"4582j-0-0\">Im Feld 289 wird die Summe der Ziffern 220, 221, 225, 230, 235 und 280 angegeben, ohne Ber\u00fccksichtigung der Ziffer 205. <\/span><\/div><\/div><div class=\"_1-RWK _2UVEf\" data-block=\"true\" data-editor=\"45m82\" data-offset-key=\"e3cgj-0-0\"><div class=\"public-DraftStyleDefault-block public-DraftStyleDefault-ltr\" data-offset-key=\"e3cgj-0-0\"><span data-offset-key=\"e3cgj-0-0\"> <\/span><\/div><\/div><div class=\"_1-RWK _2UVEf\" data-block=\"true\" data-editor=\"45m82\" data-offset-key=\"dscp7-0-0\"><div class=\"public-DraftStyleDefault-block public-DraftStyleDefault-ltr\" data-offset-key=\"dscp7-0-0\"><span style=\"text-decoration: underline;\">Ziffern 301 \/ 311 \/ 341 Steuerberechnung<\/span><\/div><\/div><div class=\"_1-RWK _2UVEf\" data-block=\"true\" data-editor=\"45m82\" data-offset-key=\"m1de-0-0\"><div class=\"public-DraftStyleDefault-block public-DraftStyleDefault-ltr\" data-offset-key=\"m1de-0-0\"><span data-offset-key=\"m1de-0-0\"> <\/span><\/div><\/div><div class=\"_1-RWK _2UVEf\" data-block=\"true\" data-editor=\"45m82\" data-offset-key=\"ab3fo-0-0\"><div class=\"public-DraftStyleDefault-block public-DraftStyleDefault-ltr\" data-offset-key=\"ab3fo-0-0\"><span data-offset-key=\"ab3fo-0-0\">Die Mehrwertsteuer auf den unter Ziffer 299 deklarierten Umsatz wird unter den Ziffern 301 \/ 311 \/ 341 (bis 31. Dezember 2010: Ziffern 300, 310 und 340) berechnet. Dazu wird der aus den erstellten Dokumenten hervorgehende Umsatz nach den verschiedenen Steuers\u00e4tzen aufgeteilt. <\/span><\/div><\/div><div class=\"_1-RWK _2UVEf\" data-block=\"true\" data-editor=\"45m82\" data-offset-key=\"1jcag-0-0\"><div class=\"public-DraftStyleDefault-block public-DraftStyleDefault-ltr\" data-offset-key=\"1jcag-0-0\"><span data-offset-key=\"1jcag-0-0\"> <\/span><\/div><\/div><div class=\"_1-RWK _2UVEf\" data-block=\"true\" data-editor=\"45m82\" data-offset-key=\"emupu-0-0\"><div class=\"public-DraftStyleDefault-block public-DraftStyleDefault-ltr\" data-offset-key=\"emupu-0-0\"><span data-offset-key=\"emupu-0-0\">Bei Nettoums\u00e4tzen, d.h. Ums\u00e4tzen ohne Mehrwertsteuer, wird die Mehrwertsteuer zu den S\u00e4tzen von 8 %, 3,8 % und\/oder 2,5 % berechnet.<\/span><\/div><\/div><div class=\"_1-RWK _2UVEf\" data-block=\"true\" data-editor=\"45m82\" data-offset-key=\"8d8jm-0-0\"><div class=\"public-DraftStyleDefault-block public-DraftStyleDefault-ltr\" data-offset-key=\"8d8jm-0-0\"><span data-offset-key=\"8d8jm-0-0\"> <\/span><\/div><\/div><div class=\"_1-RWK _2UVEf\" data-block=\"true\" data-editor=\"45m82\" data-offset-key=\"but0r-0-0\"><div class=\"public-DraftStyleDefault-block public-DraftStyleDefault-ltr\" data-offset-key=\"but0r-0-0\"><span data-offset-key=\"but0r-0-0\">Bei Bruttoums\u00e4tzen, d.h. Ums\u00e4tzen einschliesslich Mehrwertsteuer (der Umsatz entspricht also 108 %, 103,6 % und\/oder 102,5 %), kann die Mehrwertsteuer nach dem entsprechenden Multiplikator berechnet werden (8 % = 7,4074 %, 3,8 % = 3,6609 %, 2,5 % = 2,4390 %).<\/span><\/div><\/div><div class=\"_1-RWK _2UVEf\" data-block=\"true\" data-editor=\"45m82\" data-offset-key=\"qvlq-0-0\"><div class=\"public-DraftStyleDefault-block public-DraftStyleDefault-ltr\" data-offset-key=\"qvlq-0-0\"><span data-offset-key=\"qvlq-0-0\"> <\/span><\/div><\/div><div class=\"_1-RWK _2UVEf\" data-block=\"true\" data-editor=\"45m82\" data-offset-key=\"5f073-0-0\"><div class=\"public-DraftStyleDefault-block public-DraftStyleDefault-ltr\" data-offset-key=\"5f073-0-0\"><span style=\"text-decoration: underline;\">Ziffer 380 Erwerb von Dienstleistungen von Unternehmen mit Sitz im Ausland<\/span><\/div><\/div><div class=\"_1-RWK _2UVEf\" data-block=\"true\" data-editor=\"45m82\" data-offset-key=\"o99p-0-0\"><div class=\"public-DraftStyleDefault-block public-DraftStyleDefault-ltr\" data-offset-key=\"o99p-0-0\"><span data-offset-key=\"o99p-0-0\"> <\/span><\/div><\/div><div class=\"_1-RWK _2UVEf\" data-block=\"true\" data-editor=\"45m82\" data-offset-key=\"c2okl-0-0\"><div class=\"public-DraftStyleDefault-block public-DraftStyleDefault-ltr\" data-offset-key=\"c2okl-0-0\"><span data-offset-key=\"c2okl-0-0\">Der Erwerber von steuerbaren Dienstleistungen, die von Unternehmen mit Sitz im Ausland erbracht werden, ist aufgrund anderer steuerbarer Ums\u00e4tze mehrwertsteuerpflichtig. Er muss auch alle seine Erwerbe von Dienstleistungen in der Mehrwertsteuerabrechnung des Steuerzeitraums deklarieren und versteuern, in dem er diese Erwerbe get\u00e4tigt hat. <\/span><\/div><\/div><div class=\"_1-RWK _2UVEf\" data-block=\"true\" data-editor=\"45m82\" data-offset-key=\"9dqvc-0-0\"><div class=\"public-DraftStyleDefault-block public-DraftStyleDefault-ltr\" data-offset-key=\"9dqvc-0-0\"><span data-offset-key=\"9dqvc-0-0\"> <\/span><\/div><\/div><div class=\"_1-RWK _2UVEf\" data-block=\"true\" data-editor=\"45m82\" data-offset-key=\"cdg6p-0-0\"><div class=\"public-DraftStyleDefault-block public-DraftStyleDefault-ltr\" data-offset-key=\"cdg6p-0-0\"><span style=\"text-decoration: underline;\">Ziffern 400 \/ 405 Abzugsf\u00e4hige Vorsteuer auf den Erwerb von G\u00fctern und Dienstleistungen sowie auf Investitionen und andere Betriebsausgaben<\/span><\/div><\/div><div class=\"_1-RWK _2UVEf\" data-block=\"true\" data-editor=\"45m82\" data-offset-key=\"4n0ld-0-0\"><div class=\"public-DraftStyleDefault-block public-DraftStyleDefault-ltr\" data-offset-key=\"4n0ld-0-0\"><span data-offset-key=\"4n0ld-0-0\"> <\/span><\/div><\/div><div class=\"_1-RWK _2UVEf\" data-block=\"true\" data-editor=\"45m82\" data-offset-key=\"5rrsa-0-0\"><div class=\"public-DraftStyleDefault-block public-DraftStyleDefault-ltr\" data-offset-key=\"5rrsa-0-0\"><span data-offset-key=\"5rrsa-0-0\">Alle Vorsteuerbetr\u00e4ge k\u00f6nnen unter den Ziffern 200 \/ 405 abgezogen werden, sofern die materiellen und formellen Voraussetzungen erf\u00fcllt sind.<\/span><\/div><\/div><div class=\"_1-RWK _2UVEf\" data-block=\"true\" data-editor=\"45m82\" data-offset-key=\"3384e-0-0\"><div class=\"public-DraftStyleDefault-block public-DraftStyleDefault-ltr\" data-offset-key=\"3384e-0-0\"><span data-offset-key=\"3384e-0-0\"> <\/span><\/div><\/div><div class=\"_1-RWK _2UVEf\" data-block=\"true\" data-editor=\"45m82\" data-offset-key=\"1jhvq-0-0\"><div class=\"public-DraftStyleDefault-block public-DraftStyleDefault-ltr\" data-offset-key=\"1jhvq-0-0\"><span style=\"text-decoration: underline;\">Ziffer 410 Nachtr\u00e4gliche Entlastung der Vorsteuer<\/span><\/div><\/div><div class=\"_1-RWK _2UVEf\" data-block=\"true\" data-editor=\"45m82\" data-offset-key=\"r0a5-0-0\"><div class=\"public-DraftStyleDefault-block public-DraftStyleDefault-ltr\" data-offset-key=\"r0a5-0-0\"><span data-offset-key=\"r0a5-0-0\"> <\/span><\/div><\/div><div class=\"_1-RWK _2UVEf\" data-block=\"true\" data-editor=\"45m82\" data-offset-key=\"e1pu7-0-0\"><div class=\"public-DraftStyleDefault-block public-DraftStyleDefault-ltr\" data-offset-key=\"e1pu7-0-0\"><span data-offset-key=\"e1pu7-0-0\">Dies betrifft Sonderf\u00e4lle, die in Art. 32 MWSTG detailliert sind. <\/span><\/div><\/div><div class=\"_1-RWK _2UVEf\" data-block=\"true\" data-editor=\"45m82\" data-offset-key=\"384um-0-0\"><div class=\"public-DraftStyleDefault-block public-DraftStyleDefault-ltr\" data-offset-key=\"384um-0-0\"><span data-offset-key=\"384um-0-0\"> <\/span><\/div><\/div><div class=\"_1-RWK _2UVEf\" data-block=\"true\" data-editor=\"45m82\" data-offset-key=\"e2h1l-0-0\"><div class=\"public-DraftStyleDefault-block public-DraftStyleDefault-ltr\" data-offset-key=\"e2h1l-0-0\"><span style=\"text-decoration: underline;\">Ziffer 415 Vorsteuerkorrektur<\/span><\/div><\/div><div class=\"_1-RWK _2UVEf\" data-block=\"true\" data-editor=\"45m82\" data-offset-key=\"b57qi-0-0\"><div class=\"public-DraftStyleDefault-block public-DraftStyleDefault-ltr\" data-offset-key=\"b57qi-0-0\"><span data-offset-key=\"b57qi-0-0\"> <\/span><\/div><\/div><div class=\"_1-RWK _2UVEf\" data-block=\"true\" data-editor=\"45m82\" data-offset-key=\"arb9v-0-0\"><div class=\"public-DraftStyleDefault-block public-DraftStyleDefault-ltr\" data-offset-key=\"arb9v-0-0\"><span data-offset-key=\"arb9v-0-0\">Dies betrifft F\u00e4lle der doppelten Zuordnung (Art. 30 MWSTG) und Eigenleistungen (Art. 31 MWSTG).<\/span><\/div><\/div><div class=\"_1-RWK _2UVEf\" data-block=\"true\" data-editor=\"45m82\" data-offset-key=\"2085q-0-0\"><div class=\"public-DraftStyleDefault-block public-DraftStyleDefault-ltr\" data-offset-key=\"2085q-0-0\"><span data-offset-key=\"2085q-0-0\"> <\/span><\/div><\/div><div class=\"_1-RWK _2UVEf\" data-block=\"true\" data-editor=\"45m82\" data-offset-key=\"1ufgr-0-0\"><div class=\"public-DraftStyleDefault-block public-DraftStyleDefault-ltr\" data-offset-key=\"1ufgr-0-0\"><span style=\"text-decoration: underline;\">Ziffer 420 K\u00fcrzung des Vorsteuerabzugs<\/span><\/div><\/div><div class=\"_1-RWK _2UVEf\" data-block=\"true\" data-editor=\"45m82\" data-offset-key=\"5fa43-0-0\"><div class=\"public-DraftStyleDefault-block public-DraftStyleDefault-ltr\" data-offset-key=\"5fa43-0-0\"><span data-offset-key=\"5fa43-0-0\"> <\/span><\/div><\/div><div class=\"_1-RWK _2UVEf\" data-block=\"true\" data-editor=\"45m82\" data-offset-key=\"3hu9m-0-0\"><div class=\"public-DraftStyleDefault-block public-DraftStyleDefault-ltr\" data-offset-key=\"3hu9m-0-0\"><span data-offset-key=\"3hu9m-0-0\">Unter Ziffer 420 werden die K\u00fcrzungen des Vorsteuerabzugs deklariert, die sich zum Beispiel ergeben aus:<\/span><\/div><\/div><div class=\"_1-RWK _2UVEf\" data-block=\"true\" data-editor=\"45m82\" data-offset-key=\"hie1-0-0\"><div class=\"public-DraftStyleDefault-block public-DraftStyleDefault-ltr\" data-offset-key=\"hie1-0-0\"><span data-offset-key=\"hie1-0-0\">\u00b7 dem Erhalt von Spenden;<\/span><\/div><\/div><div class=\"_1-RWK _2UVEf\" data-block=\"true\" data-editor=\"45m82\" data-offset-key=\"qa0t-0-0\"><div class=\"public-DraftStyleDefault-block public-DraftStyleDefault-ltr\" data-offset-key=\"qa0t-0-0\"><span data-offset-key=\"qa0t-0-0\">\u00b7 der Aus\u00fcbung einer hoheitlichen T\u00e4tigkeit;<\/span><\/div><\/div><div class=\"_1-RWK _2UVEf\" data-block=\"true\" data-editor=\"45m82\" data-offset-key=\"9rhrl-0-0\"><div class=\"public-DraftStyleDefault-block public-DraftStyleDefault-ltr\" data-offset-key=\"9rhrl-0-0\"><span data-offset-key=\"9rhrl-0-0\">\u00b7 dem Erhalt von Subventionen.<\/span><\/div><\/div><div class=\"_1-RWK _2UVEf\" data-block=\"true\" data-editor=\"45m82\" data-offset-key=\"c11d2-0-0\"><div class=\"public-DraftStyleDefault-block public-DraftStyleDefault-ltr\" data-offset-key=\"c11d2-0-0\"><span data-offset-key=\"c11d2-0-0\"> <\/span><\/div><\/div><div class=\"_1-RWK _2UVEf\" data-block=\"true\" data-editor=\"45m82\" data-offset-key=\"38iac-0-0\"><div class=\"public-DraftStyleDefault-block public-DraftStyleDefault-ltr\" data-offset-key=\"38iac-0-0\"><span style=\"text-decoration: underline;\">Ziffer 500 Zu zahlender Betrag an die Eidgen\u00f6ssische Steuerverwaltung<\/span><\/div><\/div><div class=\"_1-RWK _2UVEf\" data-block=\"true\" data-editor=\"45m82\" data-offset-key=\"3i3j0-0-0\"><div class=\"public-DraftStyleDefault-block public-DraftStyleDefault-ltr\" data-offset-key=\"3i3j0-0-0\"><span data-offset-key=\"3i3j0-0-0\"> <\/span><\/div><\/div><div class=\"_1-RWK _2UVEf\" data-block=\"true\" data-editor=\"45m82\" data-offset-key=\"3re4-0-0\"><div class=\"public-DraftStyleDefault-block public-DraftStyleDefault-ltr\" data-offset-key=\"3re4-0-0\"><span data-offset-key=\"3re4-0-0\">Die MWST-Schuld ist mit dem der MWST-Abrechnung beigef\u00fcgten Einzahlungsschein innerhalb von 60 Tagen nach Ablauf der Abrechnungsperiode zu begleichen.<\/span><\/div><\/div><div class=\"_1-RWK _2UVEf\" data-block=\"true\" data-editor=\"45m82\" data-offset-key=\"erc9o-0-0\"><div class=\"public-DraftStyleDefault-block public-DraftStyleDefault-ltr\" data-offset-key=\"erc9o-0-0\"><span data-offset-key=\"erc9o-0-0\"> <\/span><\/div><\/div><div class=\"_1-RWK _2UVEf\" data-block=\"true\" data-editor=\"45m82\" data-offset-key=\"d6tql-0-0\"><div class=\"public-DraftStyleDefault-block public-DraftStyleDefault-ltr\" data-offset-key=\"d6tql-0-0\"><span style=\"text-decoration: underline;\">Ziffer 510 Betrag zugunsten des Steuerpflichtigen<\/span><\/div><\/div><div class=\"_1-RWK _2UVEf\" data-block=\"true\" data-editor=\"45m82\" data-offset-key=\"9p46c-0-0\"><div class=\"public-DraftStyleDefault-block public-DraftStyleDefault-ltr\" data-offset-key=\"9p46c-0-0\"><span data-offset-key=\"9p46c-0-0\"> <\/span><\/div><\/div><div class=\"_1-RWK _2UVEf\" data-block=\"true\" data-editor=\"45m82\" data-offset-key=\"c0c16-0-0\"><div class=\"public-DraftStyleDefault-block public-DraftStyleDefault-ltr\" data-offset-key=\"c0c16-0-0\"><span data-offset-key=\"c0c16-0-0\">Weist die MWST-Abrechnung einen Saldo zugunsten des Steuerpflichtigen aus, \u00fcberweist die ESTV den entsprechenden Betrag in der Regel innerhalb von 60 Tagen nach Eingang der MWST-Abrechnung.<\/span><\/div><\/div><div class=\"_1-RWK _2UVEf\" data-block=\"true\" data-editor=\"45m82\" data-offset-key=\"7efgm-0-0\"><div class=\"public-DraftStyleDefault-block public-DraftStyleDefault-ltr\" data-offset-key=\"7efgm-0-0\"><span data-offset-key=\"7efgm-0-0\"> <\/span><\/div><\/div><div class=\"_1-RWK _2UVEf\" data-block=\"true\" data-editor=\"45m82\" data-offset-key=\"5o45d-0-0\"><div class=\"public-DraftStyleDefault-block public-DraftStyleDefault-ltr\" data-offset-key=\"5o45d-0-0\"><span style=\"text-decoration: underline;\">Ziffer 900 \/ 910 Sonstige Geldfl\u00fcsse<\/span><\/div><\/div><div class=\"_1-RWK _2UVEf\" data-block=\"true\" data-editor=\"45m82\" data-offset-key=\"fhtuf-0-0\"><div class=\"public-DraftStyleDefault-block public-DraftStyleDefault-ltr\" data-offset-key=\"fhtuf-0-0\"><span data-offset-key=\"fhtuf-0-0\"> <\/span><\/div><\/div><div class=\"_1-RWK _2UVEf\" data-block=\"true\" data-editor=\"45m82\" data-offset-key=\"2s3j1-0-0\"><div class=\"public-DraftStyleDefault-block public-DraftStyleDefault-ltr\" data-offset-key=\"2s3j1-0-0\"><span data-offset-key=\"2s3j1-0-0\">Unter diesen Ziffern werden Geldfl\u00fcsse erfasst, die Art. 18 Abs. 2 MWSTG betreffen, wie Spenden, Dividenden, Entsch\u00e4digungen usw.  <\/span><\/div><\/div><div class=\"_1-RWK _2UVEf\" data-block=\"true\" data-editor=\"45m82\" data-offset-key=\"9vhnk-0-0\"><div class=\"public-DraftStyleDefault-block public-DraftStyleDefault-ltr\" data-offset-key=\"9vhnk-0-0\"><span data-offset-key=\"9vhnk-0-0\"> <\/span><\/div><\/div><div class=\"_1-RWK _2UVEf\" data-block=\"true\" data-editor=\"45m82\" data-offset-key=\"8mu4k-0-0\"><div class=\"public-DraftStyleDefault-block public-DraftStyleDefault-ltr\" data-offset-key=\"8mu4k-0-0\"><span data-offset-key=\"8mu4k-0-0\">Weitere Informationen zur MWST-Abstimmung finden Sie unter diesem Link: <\/span><a class=\"_38Ip6 blog-link-hashtag-color\" href=\"https:\/\/betterstudy.ch\/de\/ausbildung-in-buchhaltung-und-rechnungswesen\/umfassender-leitfaden-buchhaltung\/la-tva-obligation-legale-de-la-concordance-du-chiffre-d-affaires\/\" target=\"_blank\" rel=\"noopener noreferrer\"><span data-offset-key=\"8mu4k-1-0\">Die MWST: die gesetzliche Pflicht zur Abstimmung des Umsatzes<\/span><\/a><\/div><div data-offset-key=\"8mu4k-0-0\"> <\/div><\/div><\/div><\/div><div data-offset-key=\"8mu4k-0-0\"> <\/div><div data-offset-key=\"8mu4k-0-0\"><\/div><div class=\"blog-post-title-font\" data-offset-key=\"bms6g-0-0\"><div data-offset-key=\"bms6g-0-0\"> <\/div><h3 class=\"public-DraftStyleDefault-block public-DraftStyleDefault-ltr\" data-offset-key=\"bms6g-0-0\"><span data-offset-key=\"bms6g-0-0\">Saldosteuersatz<\/span><\/h3><\/div><div class=\"_1-RWK _2UVEf\" data-block=\"true\" data-editor=\"45m82\" data-offset-key=\"ais9o-0-0\"><div class=\"public-DraftStyleDefault-block public-DraftStyleDefault-ltr\" data-offset-key=\"ais9o-0-0\"><span data-offset-key=\"ais9o-0-0\"> <\/span><\/div><\/div><div class=\"_1-RWK _2UVEf\" data-block=\"true\" data-editor=\"45m82\" data-offset-key=\"4tvsm-0-0\"><div class=\"public-DraftStyleDefault-block public-DraftStyleDefault-ltr\" data-offset-key=\"4tvsm-0-0\"><span data-offset-key=\"4tvsm-0-0\">F\u00fcr steuerpflichtige Unternehmen bestimmter Branchen, die einen Jahresumsatz von weniger als 5 Millionen Franken erzielen und deren Netto-Steuerlast CHF 100&#8217;000.- nicht \u00fcbersteigt, wurden \u201eSaldosteuers\u00e4tze\u201c festgelegt, um die Einreichung der Abrechnungen bei den Steuerbeh\u00f6rden zu erleichtern.<\/span><\/div><\/div><div class=\"_1-RWK _2UVEf\" data-block=\"true\" data-editor=\"45m82\" data-offset-key=\"1buof-0-0\"><div class=\"public-DraftStyleDefault-block public-DraftStyleDefault-ltr\" data-offset-key=\"1buof-0-0\"><span data-offset-key=\"1buof-0-0\"> <\/span><\/div><\/div><div class=\"_1-RWK _2UVEf\" data-block=\"true\" data-editor=\"45m82\" data-offset-key=\"7p8fa-0-0\"><div class=\"public-DraftStyleDefault-block public-DraftStyleDefault-ltr\" data-offset-key=\"7p8fa-0-0\"><span data-offset-key=\"7p8fa-0-0\">Grunds\u00e4tzlich kann das Unternehmen nach einer dreij\u00e4hrigen Periode der Normalbesteuerung zu diesem vereinfachten Verfahren wechseln. Ist der Antragsteller Mitglied eines Berufsverbandes, der bereits einen Saldosteuersatz besitzt, kann der Beitritt sofort erfolgen. Das Unternehmen, das diese Vereinfachung nutzt, w\u00e4lzt die MWST auf seine Kunden gem\u00e4ss den gesetzlich festgelegten S\u00e4tzen (normal, spezial oder reduziert) ab, erstellt seine Deklaration jedoch auf der Grundlage des ihm von den Steuerbeh\u00f6rden gew\u00e4hrten Saldosteuersatzes.  <\/span><\/div><\/div><div class=\"_1-RWK _2UVEf\" data-block=\"true\" data-editor=\"45m82\" data-offset-key=\"bs019-0-0\"><div class=\"public-DraftStyleDefault-block public-DraftStyleDefault-ltr\" data-offset-key=\"bs019-0-0\"><span data-offset-key=\"bs019-0-0\"> <\/span><\/div><\/div><div class=\"_1-RWK _2UVEf\" data-block=\"true\" data-editor=\"45m82\" data-offset-key=\"er5tb-0-0\"><div class=\"public-DraftStyleDefault-block public-DraftStyleDefault-ltr\" data-offset-key=\"er5tb-0-0\"><span data-offset-key=\"er5tb-0-0\">Werden die Abrechnungen nach der Saldosteuersatzmethode erstellt, so wird die geschuldete Steuer nach folgender Berechnung ermittelt:<\/span><\/div><\/div><div class=\"_1-RWK _2UVEf\" data-block=\"true\" data-editor=\"45m82\" data-offset-key=\"94nbb-0-0\"><div class=\"public-DraftStyleDefault-block public-DraftStyleDefault-ltr\" data-offset-key=\"94nbb-0-0\"><span data-offset-key=\"94nbb-0-0\"> <\/span><\/div><\/div><div class=\"_1-RWK _2UVEf\" data-block=\"true\" data-editor=\"45m82\" data-offset-key=\"6p19s-0-0\"><div class=\"public-DraftStyleDefault-block public-DraftStyleDefault-ltr\" data-offset-key=\"6p19s-0-0\"><span data-offset-key=\"6p19s-0-0\">Gesamter steuerbarer Umsatz (inkl. Steuer) in einer Abrechnungsperiode<\/span><\/div><\/div><div class=\"_1-RWK _2UVEf\" data-block=\"true\" data-editor=\"45m82\" data-offset-key=\"f1ukm-0-0\"><div class=\"public-DraftStyleDefault-block public-DraftStyleDefault-ltr\" data-offset-key=\"f1ukm-0-0\"><span data-offset-key=\"f1ukm-0-0\">x<\/span><\/div><\/div><div class=\"_1-RWK _2UVEf\" data-block=\"true\" data-editor=\"45m82\" data-offset-key=\"daqrv-0-0\"><div class=\"public-DraftStyleDefault-block public-DraftStyleDefault-ltr\" data-offset-key=\"daqrv-0-0\"><span data-offset-key=\"daqrv-0-0\">Von der ESTV gew\u00e4hrter Saldosteuersatz<\/span><\/div><\/div><div class=\"_1-RWK _2UVEf\" data-block=\"true\" data-editor=\"45m82\" data-offset-key=\"79ghr-0-0\"><div class=\"public-DraftStyleDefault-block public-DraftStyleDefault-ltr\" data-offset-key=\"79ghr-0-0\"><span data-offset-key=\"79ghr-0-0\"> <\/span><\/div><\/div><div class=\"_1-RWK _2UVEf\" data-block=\"true\" data-editor=\"45m82\" data-offset-key=\"8eo98-0-0\"><div class=\"public-DraftStyleDefault-block public-DraftStyleDefault-ltr\" data-offset-key=\"8eo98-0-0\"><span data-offset-key=\"8eo98-0-0\">Die Saldosteuers\u00e4tze ber\u00fccksichtigen pauschal die abzugsf\u00e4higen Vorsteuerbetr\u00e4ge.<\/span><\/div><\/div><div class=\"_1-RWK _2UVEf\" data-block=\"true\" data-editor=\"45m82\" data-offset-key=\"dq01g-0-0\"><div class=\"public-DraftStyleDefault-block public-DraftStyleDefault-ltr\" data-offset-key=\"dq01g-0-0\"><span data-offset-key=\"dq01g-0-0\"> <\/span><\/div><\/div><div class=\"_1-RWK _2UVEf\" data-block=\"true\" data-editor=\"45m82\" data-offset-key=\"81f4c-0-0\"><div class=\"public-DraftStyleDefault-block public-DraftStyleDefault-ltr\" data-offset-key=\"81f4c-0-0\"><span data-offset-key=\"81f4c-0-0\">Ein Unternehmen, das von diesem Besteuerungssystem profitiert, kann seine Buchhaltung vereinfachen, indem es das Brutto-Buchhaltungssystem beibeh\u00e4lt. Es erfasst seine Verk\u00e4ufe und Eink\u00e4ufe inklusive MWST. Der tats\u00e4chliche Umsatz wird nach der unten erl\u00e4uterten MWST-Abrechnung bekannt sein.  <\/span><\/div><\/div><div class=\"_1-RWK _2UVEf\" data-block=\"true\" data-editor=\"45m82\" data-offset-key=\"bqu4j-0-0\"><div class=\"public-DraftStyleDefault-block public-DraftStyleDefault-ltr\" data-offset-key=\"bqu4j-0-0\"><span data-offset-key=\"bqu4j-0-0\"> <\/span><\/div><\/div><div class=\"_1-RWK _2UVEf\" data-block=\"true\" data-editor=\"45m82\" data-offset-key=\"efhg7-0-0\"><div class=\"public-DraftStyleDefault-block public-DraftStyleDefault-ltr\" data-offset-key=\"efhg7-0-0\"><em>Beispiel:<\/em><\/div><\/div><div class=\"_1-RWK _2UVEf\" data-block=\"true\" data-editor=\"45m82\" data-offset-key=\"4vgdl-0-0\"><div class=\"public-DraftStyleDefault-block public-DraftStyleDefault-ltr\" data-offset-key=\"4vgdl-0-0\"><em>Ein Maler, dessen Saldosteuersatz auf 5,2 % festgelegt wurde, erzielt einen Jahresumsatz von CHF 300&#8217;000.- (inkl. MWST).<\/em><\/div><\/div><div class=\"_1-RWK _2UVEf\" data-block=\"true\" data-editor=\"45m82\" data-offset-key=\"8925i-0-0\"><div class=\"public-DraftStyleDefault-block public-DraftStyleDefault-ltr\" data-offset-key=\"8925i-0-0\"><em>In seiner Abrechnung deklariert er einen Umsatz von CHF 300&#8217;000.- zu 5,2 %, was einem MWST-Betrag von CHF 15&#8217;600.- entspricht.<\/em><\/div><\/div><div class=\"_1-RWK _2UVEf\" data-block=\"true\" data-editor=\"45m82\" data-offset-key=\"e6ta0-0-0\"><div class=\"public-DraftStyleDefault-block public-DraftStyleDefault-ltr\" data-offset-key=\"e6ta0-0-0\"><span data-offset-key=\"e6ta0-0-0\"> <\/span><\/div><\/div><div class=\"_1-RWK _2UVEf\" data-block=\"true\" data-editor=\"45m82\" data-offset-key=\"65tth-0-0\"><div class=\"public-DraftStyleDefault-block public-DraftStyleDefault-ltr\" data-offset-key=\"65tth-0-0\"><span data-offset-key=\"65tth-0-0\">Die Steuerlast wird im Soll eines Kontos 39xx (Aufwandskonto, das den Umsatz mindert) und im Haben des Kontos 2200 geschuldete MWST verbucht.<\/span><\/div><\/div><div class=\"_1-RWK _2UVEf\" data-block=\"true\" data-editor=\"45m82\" data-offset-key=\"cpk39-0-0\"><div class=\"public-DraftStyleDefault-block public-DraftStyleDefault-ltr\" data-offset-key=\"cpk39-0-0\"><span data-offset-key=\"cpk39-0-0\"> <\/span><\/div><\/div><div class=\"blog-post-title-font\" data-offset-key=\"3pt24-0-0\"><h3 class=\"public-DraftStyleDefault-block public-DraftStyleDefault-ltr\" data-offset-key=\"3pt24-0-0\"><span data-offset-key=\"3pt24-0-0\">Folgen der Anwendung des Saldosteuersatzes<\/span><\/h3><div class=\"public-DraftStyleDefault-block public-DraftStyleDefault-ltr\" data-offset-key=\"6m19n-0-0\"><span data-offset-key=\"6m19n-0-0\"> <\/span><\/div><\/div><div class=\"_1-RWK _2UVEf\" data-block=\"true\" data-editor=\"45m82\" data-offset-key=\"6aebe-0-0\"><div class=\"public-DraftStyleDefault-block public-DraftStyleDefault-ltr\" data-offset-key=\"6aebe-0-0\"><span data-offset-key=\"6aebe-0-0\">Die Differenz zwischen dem normalen MWST-Satz (8 %) und dem Saldosteuersatz entspricht der abzugsf\u00e4higen MWST, die nicht real, sondern fiktiv ist und als Aufwandsminderung verbucht wird.<\/span><\/div><\/div><div class=\"_1-RWK _2UVEf\" data-block=\"true\" data-editor=\"45m82\" data-offset-key=\"1dgmk-0-0\"><div class=\"public-DraftStyleDefault-block public-DraftStyleDefault-ltr\" data-offset-key=\"1dgmk-0-0\"><span data-offset-key=\"1dgmk-0-0\"> <\/span><\/div><\/div><div class=\"_1-RWK _2UVEf\" data-block=\"true\" data-editor=\"45m82\" data-offset-key=\"50gj5-0-0\"><div class=\"public-DraftStyleDefault-block public-DraftStyleDefault-ltr\" data-offset-key=\"50gj5-0-0\"><span data-offset-key=\"50gj5-0-0\">Die MWST-Abrechnung nach dem Saldosteuersatz erm\u00f6glicht es, die abzugsf\u00e4hige MWST nicht detailliert berechnen zu m\u00fcssen, was eine administrative Vereinfachung darstellt. In diesem Fall werden die Konten 1170 und 1171, die der abzugsf\u00e4higen MWST zugeordnet sind, nicht verwendet. <\/span><\/div><\/div><div class=\"_1-RWK _2UVEf\" data-block=\"true\" data-editor=\"45m82\" data-offset-key=\"fier1-0-0\"><div class=\"public-DraftStyleDefault-block public-DraftStyleDefault-ltr\" data-offset-key=\"fier1-0-0\"><span data-offset-key=\"fier1-0-0\"> <\/span><\/div><\/div><div class=\"_1-RWK _2UVEf\" data-block=\"true\" data-editor=\"45m82\" data-offset-key=\"8p8kf-0-0\"><div class=\"public-DraftStyleDefault-block public-DraftStyleDefault-ltr\" data-offset-key=\"8p8kf-0-0\"><span data-offset-key=\"8p8kf-0-0\">Ein Unternehmen, das keine gr\u00f6sseren Anschaffungen oder Investitionen plant, verwendet in der Regel das Verfahren der Anwendung des Saldosteuersatzes. Es ist jedoch ratsam, w\u00e4hrend Investitionsperioden die tats\u00e4chliche Abrechnung vorzunehmen, um die oft hohen Betr\u00e4ge der Vorsteuer auf Investitionen, Betriebsmaterial usw. zur\u00fcckzuerhalten. <\/span><\/div><\/div><div class=\"_1-RWK _2UVEf\" data-block=\"true\" data-editor=\"45m82\" data-offset-key=\"av3ed-0-0\"><div class=\"public-DraftStyleDefault-block public-DraftStyleDefault-ltr\" data-offset-key=\"av3ed-0-0\"><span data-offset-key=\"av3ed-0-0\"> <\/span><\/div><\/div><div class=\"_1-RWK _2UVEf\" data-block=\"true\" data-editor=\"45m82\" data-offset-key=\"eafi1-0-0\"><div class=\"public-DraftStyleDefault-block public-DraftStyleDefault-ltr\" data-offset-key=\"eafi1-0-0\"><span data-offset-key=\"eafi1-0-0\">Bei jeder \u00c4nderung des Saldosteuersatzes kann der Steuerpflichtige die Abrechnungsart wechseln. Ebenso kann er am Ende jedes Gesch\u00e4ftsjahres eine der beiden L\u00f6sungen w\u00e4hlen. <\/span><\/div><\/div><div class=\"_1-RWK _2UVEf\" data-block=\"true\" data-editor=\"45m82\" data-offset-key=\"5t25u-0-0\"><div class=\"public-DraftStyleDefault-block public-DraftStyleDefault-ltr\" data-offset-key=\"5t25u-0-0\"><span data-offset-key=\"5t25u-0-0\"> <\/span><\/div><\/div><div class=\"blog-post-title-font\" data-offset-key=\"efgmm-0-0\"><h3 class=\"public-DraftStyleDefault-block public-DraftStyleDefault-ltr\" data-offset-key=\"efgmm-0-0\"><span data-offset-key=\"efgmm-0-0\">\u00dcbungen auf der BetterStudy Lernplattform<\/span><\/h3><div class=\"public-DraftStyleDefault-block public-DraftStyleDefault-ltr\" data-offset-key=\"b26da-0-0\"><span data-offset-key=\"b26da-0-0\"> <\/span><\/div><\/div><div class=\"_1-RWK _2UVEf\" data-block=\"true\" data-editor=\"45m82\" data-offset-key=\"7rb3t-0-0\"><div class=\"public-DraftStyleDefault-block public-DraftStyleDefault-ltr\" data-offset-key=\"7rb3t-0-0\"><span data-offset-key=\"7rb3t-0-0\">Arbeiten Sie bereits im Bereich Buchhaltung?<\/span><\/div><\/div><div class=\"_1-RWK _2UVEf\" data-block=\"true\" data-editor=\"45m82\" data-offset-key=\"7cn88-0-0\"><div class=\"public-DraftStyleDefault-block public-DraftStyleDefault-ltr\" data-offset-key=\"7cn88-0-0\"><span data-offset-key=\"7cn88-0-0\"> <\/span><\/div><\/div><div class=\"_1-RWK _2UVEf\" data-block=\"true\" data-editor=\"45m82\" data-offset-key=\"7f7cr-0-0\"><div class=\"public-DraftStyleDefault-block public-DraftStyleDefault-ltr\" data-offset-key=\"7f7cr-0-0\"><span data-offset-key=\"7f7cr-0-0\">W\u00e4re eine Spezialisierung in der Buchhaltung f\u00fcr Ihre Karriere von Vorteil?<\/span><\/div><\/div><div class=\"_1-RWK _2UVEf\" data-block=\"true\" data-editor=\"45m82\" data-offset-key=\"begp7-0-0\"><div class=\"public-DraftStyleDefault-block public-DraftStyleDefault-ltr\" data-offset-key=\"begp7-0-0\"><span data-offset-key=\"begp7-0-0\"> <\/span><\/div><\/div><div class=\"_1-RWK _2UVEf\" data-block=\"true\" data-editor=\"45m82\" data-offset-key=\"a2phm-0-0\"><div class=\"public-DraftStyleDefault-block public-DraftStyleDefault-ltr\" data-offset-key=\"a2phm-0-0\"><span data-offset-key=\"a2phm-0-0\">Kontaktieren Sie unser Institut f\u00fcr ein kostenloses Orientierungsgespr\u00e4ch. <\/span><\/div><\/div><div class=\"_1-RWK _2UVEf\" data-block=\"true\" data-editor=\"45m82\" data-offset-key=\"bucrf-0-0\"><div class=\"public-DraftStyleDefault-block public-DraftStyleDefault-ltr\" data-offset-key=\"bucrf-0-0\"><span data-offset-key=\"bucrf-0-0\"> <\/span><\/div><\/div><div class=\"_1-RWK _2UVEf\" data-block=\"true\" data-editor=\"45m82\" data-offset-key=\"6g24h-0-0\"><div class=\"public-DraftStyleDefault-block public-DraftStyleDefault-ltr\" data-offset-key=\"6g24h-0-0\"><span data-offset-key=\"6g24h-0-0\">BetterStudy bietet <\/span><a class=\"_38Ip6 blog-link-hashtag-color\" href=\"https:\/\/betterstudy.ch\/de\/ausbildung-in-buchhaltung-und-rechnungswesen\/\" target=\"_blank\" rel=\"noopener noreferrer\"><span data-offset-key=\"6g24h-1-0\">Buchhaltungskurse<\/span><\/a><span data-offset-key=\"6g24h-2-0\"> an, um Buchhaltungsassistent, Buchhalter zu werden oder sich mit der Ausbildung zum <\/span><a class=\"_38Ip6 blog-link-hashtag-color\" href=\"https:\/\/betterstudy.ch\/de\/ausbildung-in-buchhaltung-und-rechnungswesen\/diplom-als-sachbearbeiter-in-rechnungswesen-vertiefung\/\" target=\"_blank\" rel=\"noopener noreferrer\"><span data-offset-key=\"6g24h-3-0\">Buchhaltungsspezialisten<\/span><\/a><span data-offset-key=\"6g24h-4-0\"> oder dem Vorbereitungskurs f\u00fcr die <\/span><a class=\"_38Ip6 blog-link-hashtag-color\" href=\"https:\/\/betterstudy.ch\/de\/ausbildung-in-buchhaltung-und-rechnungswesen\/fachmann-im-finanz-und-rechnungswesen-mit-fachausweis\/\" target=\"_blank\" rel=\"noopener noreferrer\"><span data-offset-key=\"6g24h-5-0\">eidgen\u00f6ssische Pr\u00fcfung zum Spezialisten in Finanz- und Rechnungswesen<\/span><\/a><span data-offset-key=\"6g24h-6-0\"> zu spezialisieren. <\/span> <\/div><\/div><div class=\"_1-RWK _2UVEf\" data-block=\"true\" data-editor=\"45m82\" data-offset-key=\"336v5-0-0\"><div class=\"public-DraftStyleDefault-block public-DraftStyleDefault-ltr\" data-offset-key=\"336v5-0-0\"><span data-offset-key=\"336v5-0-0\"> <\/span><\/div><\/div><div class=\"_1-RWK _2UVEf\" data-block=\"true\" data-editor=\"45m82\" data-offset-key=\"53jcl-0-0\"><div class=\"public-DraftStyleDefault-block public-DraftStyleDefault-ltr\" data-offset-key=\"53jcl-0-0\"><span data-offset-key=\"53jcl-0-0\">Das BetterStudy Institut bietet einen umfassenden Online-Buchhaltungskurs mit \u00fcber 100 Videos, 2&#8217;600 \u00dcbungsfragen und Fernbetreuung durch erfahrene Dozenten.<\/span><\/div><\/div><div data-offset-key=\"53jcl-0-0\"> <\/div><div data-offset-key=\"53jcl-0-0\">Entdecken Sie unsere neue Online-Ausbildung zur Schweizer Mehrwertsteuer:<\/div><div align=\"center\"> <\/div>\t\t\t\t\t\t\t\t<\/div>\n\t\t\t\t<\/div>\n\t\t\t\t\t<\/div>\n\t\t<\/div>\n\t\t\t\t\t<\/div>\n\t\t<\/section>\n\t\t\t\t<\/div>\n\t\t","protected":false},"excerpt":{"rendered":"<p>Kontext \u201eDie Gegenleistung ist der Verm\u00f6genswert, den der Empf\u00e4nger oder ein Dritter an seiner Stelle als Gegenleistung f\u00fcr eine Leistung erbringt (Art. 3 Bst. f MWSTG ).\u201c Mit anderen Worten, es handelt sich um alle Betr\u00e4ge, die den [&hellip;]<\/p>\n","protected":false},"author":2,"featured_media":699,"comment_status":"closed","ping_status":"closed","sticky":false,"template":"","format":"standard","meta":{"content-type":"","_uag_custom_page_level_css":"","footnotes":""},"categories":[1331],"tags":[1278,320,469,16,39,311,326,18,53,21,334,1571,1691,1835,1255,471],"class_list":["post-53562","post","type-post","status-publish","format-standard","has-post-thumbnail","hentry","category-buchhaltung-besteuerung","tag-besteuerung","tag-chiffre-daffaires","tag-classes-de-comptes","tag-comptabilite","tag-comptable","tag-comptes","tag-dette","tag-entreprise","tag-finance","tag-formation","tag-impot","tag-mehrwertsteuer","tag-mwst-abrechnung","tag-rechnungsstellung","tag-steuer","tag-taxation"],"yoast_head":"<!-- This site is optimized with the Yoast SEO plugin v27.4 - https:\/\/yoast.com\/product\/yoast-seo-wordpress\/ -->\n<title>Die Mehrwertsteuerabrechnung &#8212; BetterStudy Formation en ligne<\/title>\n<meta name=\"description\" content=\"Alles \u00fcber die Stornierung in der Buchhaltung + Buchung im Buchungsjournal mit einem Video-Beispiel aus den Online-Kursen von BetterStudy\" \/>\n<meta name=\"robots\" content=\"index, follow, max-snippet:-1, max-image-preview:large, max-video-preview:-1\" \/>\n<link rel=\"canonical\" href=\"https:\/\/betterstudy.ch\/de\/buchhaltung-besteuerung\/le-decompte-tva-2\/\" \/>\n<meta property=\"og:locale\" content=\"de_DE\" \/>\n<meta property=\"og:type\" content=\"article\" \/>\n<meta property=\"og:title\" content=\"Die Mehrwertsteuerabrechnung &#8212; BetterStudy Formation en ligne\" \/>\n<meta property=\"og:description\" content=\"Alles \u00fcber die Stornierung in der Buchhaltung + Buchung im Buchungsjournal mit einem Video-Beispiel aus den Online-Kursen von BetterStudy\" \/>\n<meta property=\"og:url\" content=\"https:\/\/betterstudy.ch\/de\/buchhaltung-besteuerung\/le-decompte-tva-2\/\" \/>\n<meta property=\"og:site_name\" content=\"BetterStudy Formation en ligne\" \/>\n<meta property=\"article:publisher\" content=\"https:\/\/www.facebook.com\/BetterStudy\/\" \/>\n<meta property=\"article:published_time\" content=\"2025-07-03T13:47:45+00:00\" \/>\n<meta property=\"article:modified_time\" content=\"2025-07-03T13:47:50+00:00\" \/>\n<meta property=\"og:image\" content=\"https:\/\/betterstudy.ch\/wp-content\/uploads\/2020\/03\/file-5-1.jpg\" \/>\n\t<meta property=\"og:image:width\" content=\"1000\" \/>\n\t<meta property=\"og:image:height\" content=\"667\" \/>\n\t<meta property=\"og:image:type\" content=\"image\/jpeg\" \/>\n<meta name=\"author\" content=\"Christophe Rieder\" \/>\n<meta name=\"twitter:card\" content=\"summary_large_image\" \/>\n<meta name=\"twitter:creator\" content=\"@betterstudych\" \/>\n<meta name=\"twitter:site\" content=\"@betterstudych\" \/>\n<meta name=\"twitter:label1\" content=\"Geschrieben von\" \/>\n\t<meta name=\"twitter:data1\" content=\"Christophe Rieder\" \/>\n\t<meta name=\"twitter:label2\" content=\"Gesch\u00e4tzte Lesezeit\" \/>\n\t<meta name=\"twitter:data2\" content=\"13\u00a0Minuten\" \/>\n<script type=\"application\/ld+json\" class=\"yoast-schema-graph\">{\"@context\":\"https:\\\/\\\/schema.org\",\"@graph\":[{\"@type\":\"Article\",\"@id\":\"https:\\\/\\\/betterstudy.ch\\\/de\\\/buchhaltung-besteuerung\\\/le-decompte-tva-2\\\/#article\",\"isPartOf\":{\"@id\":\"https:\\\/\\\/betterstudy.ch\\\/de\\\/buchhaltung-besteuerung\\\/le-decompte-tva-2\\\/\"},\"author\":{\"name\":\"Christophe Rieder\",\"@id\":\"https:\\\/\\\/betterstudy.ch\\\/de\\\/#\\\/schema\\\/person\\\/2bef5da90845682ae750c6bec319e991\"},\"headline\":\"Die Mehrwertsteuerabrechnung\",\"datePublished\":\"2025-07-03T13:47:45+00:00\",\"dateModified\":\"2025-07-03T13:47:50+00:00\",\"mainEntityOfPage\":{\"@id\":\"https:\\\/\\\/betterstudy.ch\\\/de\\\/buchhaltung-besteuerung\\\/le-decompte-tva-2\\\/\"},\"wordCount\":2627,\"publisher\":{\"@id\":\"https:\\\/\\\/betterstudy.ch\\\/de\\\/#organization\"},\"image\":{\"@id\":\"https:\\\/\\\/betterstudy.ch\\\/de\\\/buchhaltung-besteuerung\\\/le-decompte-tva-2\\\/#primaryimage\"},\"thumbnailUrl\":\"https:\\\/\\\/betterstudy.ch\\\/wp-content\\\/uploads\\\/2020\\\/03\\\/file-5-1.jpg\",\"keywords\":[\"Besteuerung\",\"chiffre d'affaires\",\"classes de comptes\",\"comptabilit\u00e9\",\"comptable\",\"comptes\",\"dette\",\"entreprise\",\"finance\",\"formation\",\"imp\u00f4t\",\"Mehrwertsteuer\",\"MwSt.-Abrechnung\",\"Rechnungsstellung\",\"Steuer\",\"taxation\"],\"articleSection\":[\"Buchhaltung &amp; Besteuerung\"],\"inLanguage\":\"de-CH\"},{\"@type\":\"WebPage\",\"@id\":\"https:\\\/\\\/betterstudy.ch\\\/de\\\/buchhaltung-besteuerung\\\/le-decompte-tva-2\\\/\",\"url\":\"https:\\\/\\\/betterstudy.ch\\\/de\\\/buchhaltung-besteuerung\\\/le-decompte-tva-2\\\/\",\"name\":\"Die Mehrwertsteuerabrechnung &#8212; BetterStudy Formation en ligne\",\"isPartOf\":{\"@id\":\"https:\\\/\\\/betterstudy.ch\\\/de\\\/#website\"},\"primaryImageOfPage\":{\"@id\":\"https:\\\/\\\/betterstudy.ch\\\/de\\\/buchhaltung-besteuerung\\\/le-decompte-tva-2\\\/#primaryimage\"},\"image\":{\"@id\":\"https:\\\/\\\/betterstudy.ch\\\/de\\\/buchhaltung-besteuerung\\\/le-decompte-tva-2\\\/#primaryimage\"},\"thumbnailUrl\":\"https:\\\/\\\/betterstudy.ch\\\/wp-content\\\/uploads\\\/2020\\\/03\\\/file-5-1.jpg\",\"datePublished\":\"2025-07-03T13:47:45+00:00\",\"dateModified\":\"2025-07-03T13:47:50+00:00\",\"description\":\"Alles \u00fcber die Stornierung in der Buchhaltung + Buchung im Buchungsjournal mit einem Video-Beispiel aus den Online-Kursen von BetterStudy\",\"inLanguage\":\"de-CH\",\"potentialAction\":[{\"@type\":\"ReadAction\",\"target\":[\"https:\\\/\\\/betterstudy.ch\\\/de\\\/buchhaltung-besteuerung\\\/le-decompte-tva-2\\\/\"]}]},{\"@type\":\"ImageObject\",\"inLanguage\":\"de-CH\",\"@id\":\"https:\\\/\\\/betterstudy.ch\\\/de\\\/buchhaltung-besteuerung\\\/le-decompte-tva-2\\\/#primaryimage\",\"url\":\"https:\\\/\\\/betterstudy.ch\\\/wp-content\\\/uploads\\\/2020\\\/03\\\/file-5-1.jpg\",\"contentUrl\":\"https:\\\/\\\/betterstudy.ch\\\/wp-content\\\/uploads\\\/2020\\\/03\\\/file-5-1.jpg\",\"width\":1000,\"height\":667,\"caption\":\"Young man holding book while kneeling in library\"},{\"@type\":\"WebSite\",\"@id\":\"https:\\\/\\\/betterstudy.ch\\\/de\\\/#website\",\"url\":\"https:\\\/\\\/betterstudy.ch\\\/de\\\/\",\"name\":\"BetterStudy Formation en ligne\",\"description\":\"Formation en ligne cours de finance et comptabilit\u00e9\",\"publisher\":{\"@id\":\"https:\\\/\\\/betterstudy.ch\\\/de\\\/#organization\"},\"potentialAction\":[{\"@type\":\"SearchAction\",\"target\":{\"@type\":\"EntryPoint\",\"urlTemplate\":\"https:\\\/\\\/betterstudy.ch\\\/de\\\/?s={search_term_string}\"},\"query-input\":{\"@type\":\"PropertyValueSpecification\",\"valueRequired\":true,\"valueName\":\"search_term_string\"}}],\"inLanguage\":\"de-CH\"},{\"@type\":\"Organization\",\"@id\":\"https:\\\/\\\/betterstudy.ch\\\/de\\\/#organization\",\"name\":\"BetterStudy\",\"url\":\"https:\\\/\\\/betterstudy.ch\\\/de\\\/\",\"logo\":{\"@type\":\"ImageObject\",\"inLanguage\":\"de-CH\",\"@id\":\"https:\\\/\\\/betterstudy.ch\\\/de\\\/#\\\/schema\\\/logo\\\/image\\\/\",\"url\":\"https:\\\/\\\/betterstudy.ch\\\/wp-content\\\/uploads\\\/2020\\\/05\\\/betterstudy-logo-site.png\",\"contentUrl\":\"https:\\\/\\\/betterstudy.ch\\\/wp-content\\\/uploads\\\/2020\\\/05\\\/betterstudy-logo-site.png\",\"width\":134,\"height\":43,\"caption\":\"BetterStudy\"},\"image\":{\"@id\":\"https:\\\/\\\/betterstudy.ch\\\/de\\\/#\\\/schema\\\/logo\\\/image\\\/\"},\"sameAs\":[\"https:\\\/\\\/www.facebook.com\\\/BetterStudy\\\/\",\"https:\\\/\\\/x.com\\\/betterstudych\",\"https:\\\/\\\/www.instagram.com\\\/betterstudy_online_course\\\/\",\"https:\\\/\\\/www.linkedin.com\\\/school\\\/betterstudy-cours-en-ligne\\\/\",\"https:\\\/\\\/www.youtube.com\\\/user\\\/betterstudy\"]},{\"@type\":\"Person\",\"@id\":\"https:\\\/\\\/betterstudy.ch\\\/de\\\/#\\\/schema\\\/person\\\/2bef5da90845682ae750c6bec319e991\",\"name\":\"Christophe Rieder\",\"image\":{\"@type\":\"ImageObject\",\"inLanguage\":\"de-CH\",\"@id\":\"https:\\\/\\\/secure.gravatar.com\\\/avatar\\\/1d6a84ec7f72e217f241f793b830739f7ecf9700fc353b7e9a4a621aed41b128?s=96&d=mm&r=g\",\"url\":\"https:\\\/\\\/secure.gravatar.com\\\/avatar\\\/1d6a84ec7f72e217f241f793b830739f7ecf9700fc353b7e9a4a621aed41b128?s=96&d=mm&r=g\",\"contentUrl\":\"https:\\\/\\\/secure.gravatar.com\\\/avatar\\\/1d6a84ec7f72e217f241f793b830739f7ecf9700fc353b7e9a4a621aed41b128?s=96&d=mm&r=g\",\"caption\":\"Christophe Rieder\"},\"description\":\"Titulaire du Master of Science HES-SO in Business Administration obtenu \u00e0 HEG-Fribourg et du Dipl\u00f4me f\u00e9d\u00e9ral d'Enseignant de la formation professionnelle, Christophe Rieder est le Fondateur et Directeur de l'institut de formation professionnelle en ligne BetterStudy. Christophe est aussi Ma\u00eetre d'enseignement en gestion d'entreprise \u00e0 l'Ecole sup\u00e9rieure de commerce \u00e0 l'Etat de Gen\u00e8ve. Avant de se r\u00e9orienter dans le domaine de la formation, Christophe a travaill\u00e9 4 ans dans la gestion de fortune \u00e0 Gen\u00e8ve. Pendant son temps libre, Christophe fait de la guitare et joue aux \u00e9checs, il aime aussi sortir et voyager.\",\"sameAs\":[\"https:\\\/\\\/www.linkedin.com\\\/in\\\/christopherieder\\\/\"]}]}<\/script>\n<!-- \/ Yoast SEO plugin. -->","yoast_head_json":{"title":"Die Mehrwertsteuerabrechnung &#8212; BetterStudy Formation en ligne","description":"Alles \u00fcber die Stornierung in der Buchhaltung + Buchung im Buchungsjournal mit einem Video-Beispiel aus den Online-Kursen von BetterStudy","robots":{"index":"index","follow":"follow","max-snippet":"max-snippet:-1","max-image-preview":"max-image-preview:large","max-video-preview":"max-video-preview:-1"},"canonical":"https:\/\/betterstudy.ch\/de\/buchhaltung-besteuerung\/le-decompte-tva-2\/","og_locale":"de_DE","og_type":"article","og_title":"Die Mehrwertsteuerabrechnung &#8212; BetterStudy Formation en ligne","og_description":"Alles \u00fcber die Stornierung in der Buchhaltung + Buchung im Buchungsjournal mit einem Video-Beispiel aus den Online-Kursen von BetterStudy","og_url":"https:\/\/betterstudy.ch\/de\/buchhaltung-besteuerung\/le-decompte-tva-2\/","og_site_name":"BetterStudy Formation en ligne","article_publisher":"https:\/\/www.facebook.com\/BetterStudy\/","article_published_time":"2025-07-03T13:47:45+00:00","article_modified_time":"2025-07-03T13:47:50+00:00","og_image":[{"width":1000,"height":667,"url":"https:\/\/betterstudy.ch\/wp-content\/uploads\/2020\/03\/file-5-1.jpg","type":"image\/jpeg"}],"author":"Christophe Rieder","twitter_card":"summary_large_image","twitter_creator":"@betterstudych","twitter_site":"@betterstudych","twitter_misc":{"Geschrieben von":"Christophe Rieder","Gesch\u00e4tzte Lesezeit":"13\u00a0Minuten"},"schema":{"@context":"https:\/\/schema.org","@graph":[{"@type":"Article","@id":"https:\/\/betterstudy.ch\/de\/buchhaltung-besteuerung\/le-decompte-tva-2\/#article","isPartOf":{"@id":"https:\/\/betterstudy.ch\/de\/buchhaltung-besteuerung\/le-decompte-tva-2\/"},"author":{"name":"Christophe Rieder","@id":"https:\/\/betterstudy.ch\/de\/#\/schema\/person\/2bef5da90845682ae750c6bec319e991"},"headline":"Die Mehrwertsteuerabrechnung","datePublished":"2025-07-03T13:47:45+00:00","dateModified":"2025-07-03T13:47:50+00:00","mainEntityOfPage":{"@id":"https:\/\/betterstudy.ch\/de\/buchhaltung-besteuerung\/le-decompte-tva-2\/"},"wordCount":2627,"publisher":{"@id":"https:\/\/betterstudy.ch\/de\/#organization"},"image":{"@id":"https:\/\/betterstudy.ch\/de\/buchhaltung-besteuerung\/le-decompte-tva-2\/#primaryimage"},"thumbnailUrl":"https:\/\/betterstudy.ch\/wp-content\/uploads\/2020\/03\/file-5-1.jpg","keywords":["Besteuerung","chiffre d'affaires","classes de comptes","comptabilit\u00e9","comptable","comptes","dette","entreprise","finance","formation","imp\u00f4t","Mehrwertsteuer","MwSt.-Abrechnung","Rechnungsstellung","Steuer","taxation"],"articleSection":["Buchhaltung &amp; Besteuerung"],"inLanguage":"de-CH"},{"@type":"WebPage","@id":"https:\/\/betterstudy.ch\/de\/buchhaltung-besteuerung\/le-decompte-tva-2\/","url":"https:\/\/betterstudy.ch\/de\/buchhaltung-besteuerung\/le-decompte-tva-2\/","name":"Die Mehrwertsteuerabrechnung &#8212; BetterStudy Formation en ligne","isPartOf":{"@id":"https:\/\/betterstudy.ch\/de\/#website"},"primaryImageOfPage":{"@id":"https:\/\/betterstudy.ch\/de\/buchhaltung-besteuerung\/le-decompte-tva-2\/#primaryimage"},"image":{"@id":"https:\/\/betterstudy.ch\/de\/buchhaltung-besteuerung\/le-decompte-tva-2\/#primaryimage"},"thumbnailUrl":"https:\/\/betterstudy.ch\/wp-content\/uploads\/2020\/03\/file-5-1.jpg","datePublished":"2025-07-03T13:47:45+00:00","dateModified":"2025-07-03T13:47:50+00:00","description":"Alles \u00fcber die Stornierung in der Buchhaltung + Buchung im Buchungsjournal mit einem Video-Beispiel aus den Online-Kursen von BetterStudy","inLanguage":"de-CH","potentialAction":[{"@type":"ReadAction","target":["https:\/\/betterstudy.ch\/de\/buchhaltung-besteuerung\/le-decompte-tva-2\/"]}]},{"@type":"ImageObject","inLanguage":"de-CH","@id":"https:\/\/betterstudy.ch\/de\/buchhaltung-besteuerung\/le-decompte-tva-2\/#primaryimage","url":"https:\/\/betterstudy.ch\/wp-content\/uploads\/2020\/03\/file-5-1.jpg","contentUrl":"https:\/\/betterstudy.ch\/wp-content\/uploads\/2020\/03\/file-5-1.jpg","width":1000,"height":667,"caption":"Young man holding book while kneeling in library"},{"@type":"WebSite","@id":"https:\/\/betterstudy.ch\/de\/#website","url":"https:\/\/betterstudy.ch\/de\/","name":"BetterStudy Formation en ligne","description":"Formation en ligne cours de finance et comptabilit\u00e9","publisher":{"@id":"https:\/\/betterstudy.ch\/de\/#organization"},"potentialAction":[{"@type":"SearchAction","target":{"@type":"EntryPoint","urlTemplate":"https:\/\/betterstudy.ch\/de\/?s={search_term_string}"},"query-input":{"@type":"PropertyValueSpecification","valueRequired":true,"valueName":"search_term_string"}}],"inLanguage":"de-CH"},{"@type":"Organization","@id":"https:\/\/betterstudy.ch\/de\/#organization","name":"BetterStudy","url":"https:\/\/betterstudy.ch\/de\/","logo":{"@type":"ImageObject","inLanguage":"de-CH","@id":"https:\/\/betterstudy.ch\/de\/#\/schema\/logo\/image\/","url":"https:\/\/betterstudy.ch\/wp-content\/uploads\/2020\/05\/betterstudy-logo-site.png","contentUrl":"https:\/\/betterstudy.ch\/wp-content\/uploads\/2020\/05\/betterstudy-logo-site.png","width":134,"height":43,"caption":"BetterStudy"},"image":{"@id":"https:\/\/betterstudy.ch\/de\/#\/schema\/logo\/image\/"},"sameAs":["https:\/\/www.facebook.com\/BetterStudy\/","https:\/\/x.com\/betterstudych","https:\/\/www.instagram.com\/betterstudy_online_course\/","https:\/\/www.linkedin.com\/school\/betterstudy-cours-en-ligne\/","https:\/\/www.youtube.com\/user\/betterstudy"]},{"@type":"Person","@id":"https:\/\/betterstudy.ch\/de\/#\/schema\/person\/2bef5da90845682ae750c6bec319e991","name":"Christophe Rieder","image":{"@type":"ImageObject","inLanguage":"de-CH","@id":"https:\/\/secure.gravatar.com\/avatar\/1d6a84ec7f72e217f241f793b830739f7ecf9700fc353b7e9a4a621aed41b128?s=96&d=mm&r=g","url":"https:\/\/secure.gravatar.com\/avatar\/1d6a84ec7f72e217f241f793b830739f7ecf9700fc353b7e9a4a621aed41b128?s=96&d=mm&r=g","contentUrl":"https:\/\/secure.gravatar.com\/avatar\/1d6a84ec7f72e217f241f793b830739f7ecf9700fc353b7e9a4a621aed41b128?s=96&d=mm&r=g","caption":"Christophe Rieder"},"description":"Titulaire du Master of Science HES-SO in Business Administration obtenu \u00e0 HEG-Fribourg et du Dipl\u00f4me f\u00e9d\u00e9ral d'Enseignant de la formation professionnelle, Christophe Rieder est le Fondateur et Directeur de l'institut de formation professionnelle en ligne BetterStudy. Christophe est aussi Ma\u00eetre d'enseignement en gestion d'entreprise \u00e0 l'Ecole sup\u00e9rieure de commerce \u00e0 l'Etat de Gen\u00e8ve. Avant de se r\u00e9orienter dans le domaine de la formation, Christophe a travaill\u00e9 4 ans dans la gestion de fortune \u00e0 Gen\u00e8ve. Pendant son temps libre, Christophe fait de la guitare et joue aux \u00e9checs, il aime aussi sortir et voyager.","sameAs":["https:\/\/www.linkedin.com\/in\/christopherieder\/"]}]}},"uagb_featured_image_src":{"full":["https:\/\/betterstudy.ch\/wp-content\/uploads\/2020\/03\/file-5-1.jpg",1000,667,false],"thumbnail":["https:\/\/betterstudy.ch\/wp-content\/uploads\/2020\/03\/file-5-1-150x150.jpg",150,150,true],"medium":["https:\/\/betterstudy.ch\/wp-content\/uploads\/2020\/03\/file-5-1-300x200.jpg",300,200,true],"medium_large":["https:\/\/betterstudy.ch\/wp-content\/uploads\/2020\/03\/file-5-1-768x512.jpg",640,427,true],"large":["https:\/\/betterstudy.ch\/wp-content\/uploads\/2020\/03\/file-5-1.jpg",640,427,false],"1536x1536":["https:\/\/betterstudy.ch\/wp-content\/uploads\/2020\/03\/file-5-1.jpg",1000,667,false],"2048x2048":["https:\/\/betterstudy.ch\/wp-content\/uploads\/2020\/03\/file-5-1.jpg",1000,667,false],"archive-thumb":["https:\/\/betterstudy.ch\/wp-content\/uploads\/2020\/03\/file-5-1.jpg",450,300,false],"woocommerce_thumbnail":["https:\/\/betterstudy.ch\/wp-content\/uploads\/2020\/03\/file-5-1-410x308.jpg",410,308,true],"woocommerce_single":["https:\/\/betterstudy.ch\/wp-content\/uploads\/2020\/03\/file-5-1-600x400.jpg",600,400,true],"woocommerce_gallery_thumbnail":["https:\/\/betterstudy.ch\/wp-content\/uploads\/2020\/03\/file-5-1-100x100.jpg",100,100,true],"variation_swatches_image_size":["https:\/\/betterstudy.ch\/wp-content\/uploads\/2020\/03\/file-5-1.jpg",50,33,false],"variation_swatches_tooltip_size":["https:\/\/betterstudy.ch\/wp-content\/uploads\/2020\/03\/file-5-1.jpg",100,67,false]},"uagb_author_info":{"display_name":"Christophe Rieder","author_link":"https:\/\/betterstudy.ch\/de\/author\/chris\/"},"uagb_comment_info":0,"uagb_excerpt":"Kontext \u201eDie Gegenleistung ist der Verm\u00f6genswert, den der Empf\u00e4nger oder ein Dritter an seiner Stelle als Gegenleistung f\u00fcr eine Leistung erbringt (Art. 3 Bst. f MWSTG ).\u201c Mit anderen Worten, es handelt sich um alle Betr\u00e4ge, die den [&hellip;]","_links":{"self":[{"href":"https:\/\/betterstudy.ch\/de\/wp-json\/wp\/v2\/posts\/53562","targetHints":{"allow":["GET"]}}],"collection":[{"href":"https:\/\/betterstudy.ch\/de\/wp-json\/wp\/v2\/posts"}],"about":[{"href":"https:\/\/betterstudy.ch\/de\/wp-json\/wp\/v2\/types\/post"}],"author":[{"embeddable":true,"href":"https:\/\/betterstudy.ch\/de\/wp-json\/wp\/v2\/users\/2"}],"replies":[{"embeddable":true,"href":"https:\/\/betterstudy.ch\/de\/wp-json\/wp\/v2\/comments?post=53562"}],"version-history":[{"count":0,"href":"https:\/\/betterstudy.ch\/de\/wp-json\/wp\/v2\/posts\/53562\/revisions"}],"wp:featuredmedia":[{"embeddable":true,"href":"https:\/\/betterstudy.ch\/de\/wp-json\/wp\/v2\/media\/699"}],"wp:attachment":[{"href":"https:\/\/betterstudy.ch\/de\/wp-json\/wp\/v2\/media?parent=53562"}],"wp:term":[{"taxonomy":"category","embeddable":true,"href":"https:\/\/betterstudy.ch\/de\/wp-json\/wp\/v2\/categories?post=53562"},{"taxonomy":"post_tag","embeddable":true,"href":"https:\/\/betterstudy.ch\/de\/wp-json\/wp\/v2\/tags?post=53562"}],"curies":[{"name":"wp","href":"https:\/\/api.w.org\/{rel}","templated":true}]}}