{"id":53558,"date":"2025-07-03T15:46:33","date_gmt":"2025-07-03T13:46:33","guid":{"rendered":"https:\/\/betterstudy.ch\/unkategorisiert\/ventes-correspondance-changement-lieu-imposition-tva-2019\/"},"modified":"2025-07-03T15:46:37","modified_gmt":"2025-07-03T13:46:37","slug":"ventes-correspondance-changement-lieu-imposition-tva-2019","status":"publish","type":"post","link":"https:\/\/betterstudy.ch\/de\/ausbildung-in-buchhaltung-und-rechnungswesen\/umfassender-leitfaden-buchhaltung\/ventes-correspondance-changement-lieu-imposition-tva-2019\/","title":{"rendered":"Versandhandel: \u00c4nderung des Besteuerungsortes im Jahr 2019!"},"content":{"rendered":"<h2>E-commerce : Changements l\u00e9gislatifs<\/h2>\n<p>Dans un monde ou l\u2019e-commerce est en pleine expansion et o\u00f9 les achats en ligne appartiennent d\u00e9sormais \u00e0 notre quotidien, il peut \u00eatre bon \u00e0 savoir pour le consommateur quels sont les changements l\u00e9gislatifs TVA dans ce domaine qui sont entr\u00e9s en vigueur au 1<sup>er\u00a0<\/sup>janvier 2019.<\/p>\n<h2>Jusqu\u2019au 31 d\u00e9cembre 2018<\/h2>\n<p>Jusqu\u2019au 31 d\u00e9cembre 2018,\u00a0et lors de l\u2019importation en Suisse de biens vendus par correspondance (ex.\u00a0: v\u00eatements, appareils \u00e9lectroniques command\u00e9s sur des sites internet), aucune TVA n\u2019\u00e9tait per\u00e7ue par l\u2019Administration f\u00e9d\u00e9rale des douanes (AFD) lors de l\u2019introduction et l\u2019importation de ces biens sur le territoire suisse, pour autant que le montant de TVA \u00e9tait inf\u00e9rieur ou \u00e9gal \u00e0 CHF 5.- par envoi.<\/p>\n<p>Par ailleurs, aucune TVA n\u2019\u00e9tait per\u00e7ue par l\u2019Administration f\u00e9d\u00e9rale des contributions (AFC) lors de la livraison ult\u00e9rieure de ces biens \u00e0 leurs destinataires respectifs sur le territoire suisse, \u00e9tant donn\u00e9 qu\u2019il s\u2019agissait d\u2019une livraison ayant lieu \u00e0 l\u2019\u00e9tranger\u00a0(le lieu de la livraison\u00a0correspondait alors \u00e0 l\u2019endroit o\u00f9 d\u00e9butait l\u2019exp\u00e9dition des biens \u00e0 destination de l\u2019acqu\u00e9reur en Suisse, soit \u00e0 l\u2019\u00e9tranger \u00e0 l\u2019endroit o\u00f9 se trouvait le d\u00e9p\u00f4t des vendeurs\/fournisseurs respectifs). Par cons\u00e9quent, jusqu\u2019au 31 d\u00e9cembre 2018, il n\u2019y avait pas de probl\u00e9matique li\u00e9e \u00e0 un assujettissement TVA chez les vendeurs\/fournisseurs, \u00e9tant donn\u00e9 que le lieu de la livraison \u00e9tait r\u00e9put\u00e9 \u00eatre \u00e0 l\u2019\u00e9tranger.<\/p>\n<p>Cette situation qui pr\u00e9valait jusqu\u2019au 31 d\u00e9cembre 2018 conduisait donc \u00e0 une distorsion de concurrence entre vendeurs \u00e9trangers et suisses qui devaient, eux, imposer leurs ventes sur le territoire suisse contrairement aux vendeurs \u00e9tablis \u00e0 l\u2019\u00e9tranger.<\/p>\n<h2>A partir du 1<sup>er\u00a0<\/sup>janvier 2019<\/h2>\n<p>A partir du 1<sup>er\u00a0<\/sup>janvier 2019,\u00a0en vertu d\u2019un changement l\u00e9gislatif qui a \u00e9t\u00e9 ancr\u00e9 dans la loi TVA pour mettre fin \u00e0 cette distorsion de concurrence, le lieu de la livraison\u00a0des ventes par correspondance a \u00e9t\u00e9 d\u00e9plac\u00e9 depuis l\u2019\u00e9tranger vers la Suisse et un assujettissement TVA\u00a0obligatoire est d\u00e9sormais exig\u00e9 du vendeur\/fournisseur si la limite de CHF 100&#8217;000.- de son chiffre d\u2019affaires provenant de ventes par correspondance en Suisse est franchie.\u00a0Toutefois, si la limite de CHF 100&#8217;000.- n\u2019est pas franchie, la r\u00e9glementation sp\u00e9ciale pour les ventes par correspondance\u00a0ne s\u2019applique pas et le lieu de la livraison est toujours r\u00e9put\u00e9 \u00eatre \u00e0 l\u2019\u00e9tranger, comme par le pass\u00e9 (c\u2019est-\u00e0-dire jusqu\u2019au 31 d\u00e9cembre 2018).<\/p>\n<p>La situation d\u00e9crite ci-devant, lorsqu\u2019un chiffre d\u2019affaires inf\u00e9rieur \u00e0 CHF 100&#8217;000.-\u00a0est r\u00e9alis\u00e9, peut \u00eatre sch\u00e9matis\u00e9e comme suit :<\/p>\n<p><img decoding=\"async\" class=\"aligncenter wp-image-20955 size-large\" style=\"width: 600px; display: block; margin: 0px auto;\" src=\"https:\/\/go.betterstudy.ch\/hubfs\/Imported_Blog_Media\/sch%C3%A9ma-1-1024x735-1.png\" alt=\"\" width=\"600\" \/><\/p>\n<p><em>Source du graphique\u00a0: Administration f\u00e9d\u00e9rale des contributions<\/em><\/p>\n<p>A partir du 1<sup>er\u00a0<\/sup>janvier 2019\u00a0et lorsqu\u2019une entreprise de vente par correspondance r\u00e9alise un chiffre d\u2019affaires annuel provenant d\u2019envois et de colis transport\u00e9s ou exp\u00e9di\u00e9s depuis l\u2019\u00e9tranger d\u2019au moins CHF 100&#8217;000.-,\u00a0ces envois et colis sont alors r\u00e9put\u00e9s livraisons r\u00e9alis\u00e9es sur le territoire suisse.\u00a0Cela signifie donc pour le vendeur\/fournisseur, en vertu de l\u2019assujettissement \u00e0 la TVA bas\u00e9 sur la r\u00e9glementation des ventes par correspondance, que non seulement les petits envois (ceux dont le montant TVA est inf\u00e9rieur \u00e0 CHF 5.-) mais aussi toutes ses autres livraisons\u00a0pour lesquelles le montant de TVA sur les importations est sup\u00e9rieur \u00e0 CHF 5.- sont r\u00e9put\u00e9es livraisons r\u00e9alis\u00e9es sur le territoire suisse.\u00a0Il r\u00e9sulte ainsi de cette nouvelle situation que toutes les livraisons effectu\u00e9es sur le territoire suisse par l\u2019entreprise de vente par correspondance assujettie sont soumises \u00e0 la TVA grevant les op\u00e9rations r\u00e9alis\u00e9es sur le territoire suisse.<\/p>\n<p>La nouvelle situation \u00e0 partir du 1<sup>er\u00a0<\/sup>janvier 2019, lorsqu\u2019un chiffre d\u2019affaires sup\u00e9rieur \u00e0 CHF 100&#8217;000.- est r\u00e9alis\u00e9, peut \u00eatre sch\u00e9matis\u00e9e comme suit\u00a0:<\/p>\n<p><img decoding=\"async\" class=\"aligncenter size-large wp-image-20956\" style=\"width: 600px; display: block; margin: 0px auto;\" src=\"https:\/\/go.betterstudy.ch\/hubfs\/Imported_Blog_Media\/sch%C3%A9ma-2-1024x717-1.png\" alt=\"\" width=\"600\" \/><\/p>\n<p><em>Source du graphique\u00a0: Administration f\u00e9d\u00e9rale des contributions<\/em><\/p>\n<p>En conclusion : ne soyez pas surpris, lors de vos prochains achats en ligne, si de la TVA suisse figure sur votre facture d\u2019achat !<\/p>\n<p><!--\u00a0CTA --><\/p>\n","protected":false},"excerpt":{"rendered":"<p>E-commerce : Changements l\u00e9gislatifs Dans un monde ou l\u2019e-commerce est en pleine expansion et o\u00f9 les achats en ligne appartiennent d\u00e9sormais \u00e0 notre quotidien, il peut \u00eatre bon \u00e0 savoir pour le consommateur quels sont les changements l\u00e9gislatifs [&hellip;]<\/p>\n","protected":false},"author":2,"featured_media":4248,"comment_status":"closed","ping_status":"closed","sticky":false,"template":"","format":"standard","meta":{"content-type":"","_uag_custom_page_level_css":"","footnotes":""},"categories":[1443],"tags":[1446,1844,1687,422,1571,1833,1846],"class_list":["post-53558","post","type-post","status-publish","format-standard","has-post-thumbnail","hentry","category-umfassender-leitfaden-buchhaltung","tag-comptabilite-de","tag-e-commerce-de","tag-finance-de","tag-lieu-dimposition","tag-mehrwertsteuer","tag-mehrwertsteuerpflicht","tag-versandhandel"],"yoast_head":"<!-- This site is optimized with the Yoast SEO plugin v27.4 - https:\/\/yoast.com\/product\/yoast-seo-wordpress\/ -->\n<title>Versandhandel: \u00c4nderung des Besteuerungsortes im Jahr 2019! &#8212; BetterStudy Formation en ligne<\/title>\n<meta name=\"description\" content=\"Welche gesetzlichen \u00c4nderungen im Bereich der Mehrwertsteuer im Versandhandel sind am 1. Januar 2019 in Kraft getreten?\" \/>\n<meta name=\"robots\" content=\"index, follow, max-snippet:-1, max-image-preview:large, max-video-preview:-1\" \/>\n<link rel=\"canonical\" href=\"https:\/\/betterstudy.ch\/de\/ausbildung-in-buchhaltung-und-rechnungswesen\/umfassender-leitfaden-buchhaltung\/ventes-correspondance-changement-lieu-imposition-tva-2019\/\" \/>\n<meta property=\"og:locale\" content=\"de_DE\" \/>\n<meta property=\"og:type\" content=\"article\" \/>\n<meta property=\"og:title\" content=\"Versandhandel: \u00c4nderung des Besteuerungsortes im Jahr 2019! &#8212; BetterStudy Formation en ligne\" \/>\n<meta property=\"og:description\" content=\"Welche gesetzlichen \u00c4nderungen im Bereich der Mehrwertsteuer im Versandhandel sind am 1. Januar 2019 in Kraft getreten?\" \/>\n<meta property=\"og:url\" content=\"https:\/\/betterstudy.ch\/de\/ausbildung-in-buchhaltung-und-rechnungswesen\/umfassender-leitfaden-buchhaltung\/ventes-correspondance-changement-lieu-imposition-tva-2019\/\" \/>\n<meta property=\"og:site_name\" content=\"BetterStudy Formation en ligne\" \/>\n<meta property=\"article:publisher\" content=\"https:\/\/www.facebook.com\/BetterStudy\/\" \/>\n<meta property=\"article:published_time\" content=\"2025-07-03T13:46:33+00:00\" \/>\n<meta property=\"article:modified_time\" content=\"2025-07-03T13:46:37+00:00\" \/>\n<meta property=\"og:image\" content=\"https:\/\/betterstudy.ch\/wp-content\/uploads\/2020\/03\/ecommerce-2140604_1920.jpg\" \/>\n\t<meta property=\"og:image:width\" content=\"1600\" \/>\n\t<meta property=\"og:image:height\" content=\"700\" \/>\n\t<meta property=\"og:image:type\" content=\"image\/jpeg\" \/>\n<meta name=\"author\" content=\"Christophe Rieder\" \/>\n<meta name=\"twitter:card\" content=\"summary_large_image\" \/>\n<meta name=\"twitter:creator\" content=\"@betterstudych\" \/>\n<meta name=\"twitter:site\" content=\"@betterstudych\" \/>\n<meta name=\"twitter:label1\" content=\"Geschrieben von\" \/>\n\t<meta name=\"twitter:data1\" content=\"Christophe Rieder\" \/>\n\t<meta name=\"twitter:label2\" content=\"Gesch\u00e4tzte Lesezeit\" \/>\n\t<meta name=\"twitter:data2\" content=\"3\u00a0Minuten\" \/>\n<script type=\"application\/ld+json\" class=\"yoast-schema-graph\">{\"@context\":\"https:\\\/\\\/schema.org\",\"@graph\":[{\"@type\":\"Article\",\"@id\":\"https:\\\/\\\/betterstudy.ch\\\/de\\\/ausbildung-in-buchhaltung-und-rechnungswesen\\\/umfassender-leitfaden-buchhaltung\\\/ventes-correspondance-changement-lieu-imposition-tva-2019\\\/#article\",\"isPartOf\":{\"@id\":\"https:\\\/\\\/betterstudy.ch\\\/de\\\/ausbildung-in-buchhaltung-und-rechnungswesen\\\/umfassender-leitfaden-buchhaltung\\\/ventes-correspondance-changement-lieu-imposition-tva-2019\\\/\"},\"author\":{\"name\":\"Christophe Rieder\",\"@id\":\"https:\\\/\\\/betterstudy.ch\\\/de\\\/#\\\/schema\\\/person\\\/2bef5da90845682ae750c6bec319e991\"},\"headline\":\"Versandhandel: \u00c4nderung des Besteuerungsortes im Jahr 2019!\",\"datePublished\":\"2025-07-03T13:46:33+00:00\",\"dateModified\":\"2025-07-03T13:46:37+00:00\",\"mainEntityOfPage\":{\"@id\":\"https:\\\/\\\/betterstudy.ch\\\/de\\\/ausbildung-in-buchhaltung-und-rechnungswesen\\\/umfassender-leitfaden-buchhaltung\\\/ventes-correspondance-changement-lieu-imposition-tva-2019\\\/\"},\"wordCount\":687,\"publisher\":{\"@id\":\"https:\\\/\\\/betterstudy.ch\\\/de\\\/#organization\"},\"image\":{\"@id\":\"https:\\\/\\\/betterstudy.ch\\\/de\\\/ausbildung-in-buchhaltung-und-rechnungswesen\\\/umfassender-leitfaden-buchhaltung\\\/ventes-correspondance-changement-lieu-imposition-tva-2019\\\/#primaryimage\"},\"thumbnailUrl\":\"https:\\\/\\\/betterstudy.ch\\\/wp-content\\\/uploads\\\/2020\\\/03\\\/ecommerce-2140604_1920.jpg\",\"keywords\":[\"comptabilit\u00e9\",\"E-Commerce\",\"finance\",\"lieu d'imposition\",\"Mehrwertsteuer\",\"Mehrwertsteuerpflicht\",\"Versandhandel\"],\"articleSection\":[\"Umfassender leitfaden buchhaltung\"],\"inLanguage\":\"de-CH\"},{\"@type\":\"WebPage\",\"@id\":\"https:\\\/\\\/betterstudy.ch\\\/de\\\/ausbildung-in-buchhaltung-und-rechnungswesen\\\/umfassender-leitfaden-buchhaltung\\\/ventes-correspondance-changement-lieu-imposition-tva-2019\\\/\",\"url\":\"https:\\\/\\\/betterstudy.ch\\\/de\\\/ausbildung-in-buchhaltung-und-rechnungswesen\\\/umfassender-leitfaden-buchhaltung\\\/ventes-correspondance-changement-lieu-imposition-tva-2019\\\/\",\"name\":\"Versandhandel: \u00c4nderung des Besteuerungsortes im Jahr 2019! &#8212; BetterStudy Formation en ligne\",\"isPartOf\":{\"@id\":\"https:\\\/\\\/betterstudy.ch\\\/de\\\/#website\"},\"primaryImageOfPage\":{\"@id\":\"https:\\\/\\\/betterstudy.ch\\\/de\\\/ausbildung-in-buchhaltung-und-rechnungswesen\\\/umfassender-leitfaden-buchhaltung\\\/ventes-correspondance-changement-lieu-imposition-tva-2019\\\/#primaryimage\"},\"image\":{\"@id\":\"https:\\\/\\\/betterstudy.ch\\\/de\\\/ausbildung-in-buchhaltung-und-rechnungswesen\\\/umfassender-leitfaden-buchhaltung\\\/ventes-correspondance-changement-lieu-imposition-tva-2019\\\/#primaryimage\"},\"thumbnailUrl\":\"https:\\\/\\\/betterstudy.ch\\\/wp-content\\\/uploads\\\/2020\\\/03\\\/ecommerce-2140604_1920.jpg\",\"datePublished\":\"2025-07-03T13:46:33+00:00\",\"dateModified\":\"2025-07-03T13:46:37+00:00\",\"description\":\"Welche gesetzlichen \u00c4nderungen im Bereich der Mehrwertsteuer im Versandhandel sind am 1. Januar 2019 in Kraft getreten?\",\"inLanguage\":\"de-CH\",\"potentialAction\":[{\"@type\":\"ReadAction\",\"target\":[\"https:\\\/\\\/betterstudy.ch\\\/de\\\/ausbildung-in-buchhaltung-und-rechnungswesen\\\/umfassender-leitfaden-buchhaltung\\\/ventes-correspondance-changement-lieu-imposition-tva-2019\\\/\"]}]},{\"@type\":\"ImageObject\",\"inLanguage\":\"de-CH\",\"@id\":\"https:\\\/\\\/betterstudy.ch\\\/de\\\/ausbildung-in-buchhaltung-und-rechnungswesen\\\/umfassender-leitfaden-buchhaltung\\\/ventes-correspondance-changement-lieu-imposition-tva-2019\\\/#primaryimage\",\"url\":\"https:\\\/\\\/betterstudy.ch\\\/wp-content\\\/uploads\\\/2020\\\/03\\\/ecommerce-2140604_1920.jpg\",\"contentUrl\":\"https:\\\/\\\/betterstudy.ch\\\/wp-content\\\/uploads\\\/2020\\\/03\\\/ecommerce-2140604_1920.jpg\",\"width\":1600,\"height\":700,\"caption\":\"||\"},{\"@type\":\"WebSite\",\"@id\":\"https:\\\/\\\/betterstudy.ch\\\/de\\\/#website\",\"url\":\"https:\\\/\\\/betterstudy.ch\\\/de\\\/\",\"name\":\"BetterStudy Formation en ligne\",\"description\":\"Formation en ligne cours de finance et comptabilit\u00e9\",\"publisher\":{\"@id\":\"https:\\\/\\\/betterstudy.ch\\\/de\\\/#organization\"},\"potentialAction\":[{\"@type\":\"SearchAction\",\"target\":{\"@type\":\"EntryPoint\",\"urlTemplate\":\"https:\\\/\\\/betterstudy.ch\\\/de\\\/?s={search_term_string}\"},\"query-input\":{\"@type\":\"PropertyValueSpecification\",\"valueRequired\":true,\"valueName\":\"search_term_string\"}}],\"inLanguage\":\"de-CH\"},{\"@type\":\"Organization\",\"@id\":\"https:\\\/\\\/betterstudy.ch\\\/de\\\/#organization\",\"name\":\"BetterStudy\",\"url\":\"https:\\\/\\\/betterstudy.ch\\\/de\\\/\",\"logo\":{\"@type\":\"ImageObject\",\"inLanguage\":\"de-CH\",\"@id\":\"https:\\\/\\\/betterstudy.ch\\\/de\\\/#\\\/schema\\\/logo\\\/image\\\/\",\"url\":\"https:\\\/\\\/betterstudy.ch\\\/wp-content\\\/uploads\\\/2020\\\/05\\\/betterstudy-logo-site.png\",\"contentUrl\":\"https:\\\/\\\/betterstudy.ch\\\/wp-content\\\/uploads\\\/2020\\\/05\\\/betterstudy-logo-site.png\",\"width\":134,\"height\":43,\"caption\":\"BetterStudy\"},\"image\":{\"@id\":\"https:\\\/\\\/betterstudy.ch\\\/de\\\/#\\\/schema\\\/logo\\\/image\\\/\"},\"sameAs\":[\"https:\\\/\\\/www.facebook.com\\\/BetterStudy\\\/\",\"https:\\\/\\\/x.com\\\/betterstudych\",\"https:\\\/\\\/www.instagram.com\\\/betterstudy_online_course\\\/\",\"https:\\\/\\\/www.linkedin.com\\\/school\\\/betterstudy-cours-en-ligne\\\/\",\"https:\\\/\\\/www.youtube.com\\\/user\\\/betterstudy\"]},{\"@type\":\"Person\",\"@id\":\"https:\\\/\\\/betterstudy.ch\\\/de\\\/#\\\/schema\\\/person\\\/2bef5da90845682ae750c6bec319e991\",\"name\":\"Christophe Rieder\",\"image\":{\"@type\":\"ImageObject\",\"inLanguage\":\"de-CH\",\"@id\":\"https:\\\/\\\/secure.gravatar.com\\\/avatar\\\/1d6a84ec7f72e217f241f793b830739f7ecf9700fc353b7e9a4a621aed41b128?s=96&d=mm&r=g\",\"url\":\"https:\\\/\\\/secure.gravatar.com\\\/avatar\\\/1d6a84ec7f72e217f241f793b830739f7ecf9700fc353b7e9a4a621aed41b128?s=96&d=mm&r=g\",\"contentUrl\":\"https:\\\/\\\/secure.gravatar.com\\\/avatar\\\/1d6a84ec7f72e217f241f793b830739f7ecf9700fc353b7e9a4a621aed41b128?s=96&d=mm&r=g\",\"caption\":\"Christophe Rieder\"},\"description\":\"Titulaire du Master of Science HES-SO in Business Administration obtenu \u00e0 HEG-Fribourg et du Dipl\u00f4me f\u00e9d\u00e9ral d'Enseignant de la formation professionnelle, Christophe Rieder est le Fondateur et Directeur de l'institut de formation professionnelle en ligne BetterStudy. Christophe est aussi Ma\u00eetre d'enseignement en gestion d'entreprise \u00e0 l'Ecole sup\u00e9rieure de commerce \u00e0 l'Etat de Gen\u00e8ve. Avant de se r\u00e9orienter dans le domaine de la formation, Christophe a travaill\u00e9 4 ans dans la gestion de fortune \u00e0 Gen\u00e8ve. Pendant son temps libre, Christophe fait de la guitare et joue aux \u00e9checs, il aime aussi sortir et voyager.\",\"sameAs\":[\"https:\\\/\\\/www.linkedin.com\\\/in\\\/christopherieder\\\/\"]}]}<\/script>\n<!-- \/ Yoast SEO plugin. -->","yoast_head_json":{"title":"Versandhandel: \u00c4nderung des Besteuerungsortes im Jahr 2019! &#8212; BetterStudy Formation en ligne","description":"Welche gesetzlichen \u00c4nderungen im Bereich der Mehrwertsteuer im Versandhandel sind am 1. Januar 2019 in Kraft getreten?","robots":{"index":"index","follow":"follow","max-snippet":"max-snippet:-1","max-image-preview":"max-image-preview:large","max-video-preview":"max-video-preview:-1"},"canonical":"https:\/\/betterstudy.ch\/de\/ausbildung-in-buchhaltung-und-rechnungswesen\/umfassender-leitfaden-buchhaltung\/ventes-correspondance-changement-lieu-imposition-tva-2019\/","og_locale":"de_DE","og_type":"article","og_title":"Versandhandel: \u00c4nderung des Besteuerungsortes im Jahr 2019! &#8212; BetterStudy Formation en ligne","og_description":"Welche gesetzlichen \u00c4nderungen im Bereich der Mehrwertsteuer im Versandhandel sind am 1. Januar 2019 in Kraft getreten?","og_url":"https:\/\/betterstudy.ch\/de\/ausbildung-in-buchhaltung-und-rechnungswesen\/umfassender-leitfaden-buchhaltung\/ventes-correspondance-changement-lieu-imposition-tva-2019\/","og_site_name":"BetterStudy Formation en ligne","article_publisher":"https:\/\/www.facebook.com\/BetterStudy\/","article_published_time":"2025-07-03T13:46:33+00:00","article_modified_time":"2025-07-03T13:46:37+00:00","og_image":[{"width":1600,"height":700,"url":"https:\/\/betterstudy.ch\/wp-content\/uploads\/2020\/03\/ecommerce-2140604_1920.jpg","type":"image\/jpeg"}],"author":"Christophe Rieder","twitter_card":"summary_large_image","twitter_creator":"@betterstudych","twitter_site":"@betterstudych","twitter_misc":{"Geschrieben von":"Christophe Rieder","Gesch\u00e4tzte Lesezeit":"3\u00a0Minuten"},"schema":{"@context":"https:\/\/schema.org","@graph":[{"@type":"Article","@id":"https:\/\/betterstudy.ch\/de\/ausbildung-in-buchhaltung-und-rechnungswesen\/umfassender-leitfaden-buchhaltung\/ventes-correspondance-changement-lieu-imposition-tva-2019\/#article","isPartOf":{"@id":"https:\/\/betterstudy.ch\/de\/ausbildung-in-buchhaltung-und-rechnungswesen\/umfassender-leitfaden-buchhaltung\/ventes-correspondance-changement-lieu-imposition-tva-2019\/"},"author":{"name":"Christophe Rieder","@id":"https:\/\/betterstudy.ch\/de\/#\/schema\/person\/2bef5da90845682ae750c6bec319e991"},"headline":"Versandhandel: \u00c4nderung des Besteuerungsortes im Jahr 2019!","datePublished":"2025-07-03T13:46:33+00:00","dateModified":"2025-07-03T13:46:37+00:00","mainEntityOfPage":{"@id":"https:\/\/betterstudy.ch\/de\/ausbildung-in-buchhaltung-und-rechnungswesen\/umfassender-leitfaden-buchhaltung\/ventes-correspondance-changement-lieu-imposition-tva-2019\/"},"wordCount":687,"publisher":{"@id":"https:\/\/betterstudy.ch\/de\/#organization"},"image":{"@id":"https:\/\/betterstudy.ch\/de\/ausbildung-in-buchhaltung-und-rechnungswesen\/umfassender-leitfaden-buchhaltung\/ventes-correspondance-changement-lieu-imposition-tva-2019\/#primaryimage"},"thumbnailUrl":"https:\/\/betterstudy.ch\/wp-content\/uploads\/2020\/03\/ecommerce-2140604_1920.jpg","keywords":["comptabilit\u00e9","E-Commerce","finance","lieu d'imposition","Mehrwertsteuer","Mehrwertsteuerpflicht","Versandhandel"],"articleSection":["Umfassender leitfaden buchhaltung"],"inLanguage":"de-CH"},{"@type":"WebPage","@id":"https:\/\/betterstudy.ch\/de\/ausbildung-in-buchhaltung-und-rechnungswesen\/umfassender-leitfaden-buchhaltung\/ventes-correspondance-changement-lieu-imposition-tva-2019\/","url":"https:\/\/betterstudy.ch\/de\/ausbildung-in-buchhaltung-und-rechnungswesen\/umfassender-leitfaden-buchhaltung\/ventes-correspondance-changement-lieu-imposition-tva-2019\/","name":"Versandhandel: \u00c4nderung des Besteuerungsortes im Jahr 2019! &#8212; BetterStudy Formation en ligne","isPartOf":{"@id":"https:\/\/betterstudy.ch\/de\/#website"},"primaryImageOfPage":{"@id":"https:\/\/betterstudy.ch\/de\/ausbildung-in-buchhaltung-und-rechnungswesen\/umfassender-leitfaden-buchhaltung\/ventes-correspondance-changement-lieu-imposition-tva-2019\/#primaryimage"},"image":{"@id":"https:\/\/betterstudy.ch\/de\/ausbildung-in-buchhaltung-und-rechnungswesen\/umfassender-leitfaden-buchhaltung\/ventes-correspondance-changement-lieu-imposition-tva-2019\/#primaryimage"},"thumbnailUrl":"https:\/\/betterstudy.ch\/wp-content\/uploads\/2020\/03\/ecommerce-2140604_1920.jpg","datePublished":"2025-07-03T13:46:33+00:00","dateModified":"2025-07-03T13:46:37+00:00","description":"Welche gesetzlichen \u00c4nderungen im Bereich der Mehrwertsteuer im Versandhandel sind am 1. Januar 2019 in Kraft getreten?","inLanguage":"de-CH","potentialAction":[{"@type":"ReadAction","target":["https:\/\/betterstudy.ch\/de\/ausbildung-in-buchhaltung-und-rechnungswesen\/umfassender-leitfaden-buchhaltung\/ventes-correspondance-changement-lieu-imposition-tva-2019\/"]}]},{"@type":"ImageObject","inLanguage":"de-CH","@id":"https:\/\/betterstudy.ch\/de\/ausbildung-in-buchhaltung-und-rechnungswesen\/umfassender-leitfaden-buchhaltung\/ventes-correspondance-changement-lieu-imposition-tva-2019\/#primaryimage","url":"https:\/\/betterstudy.ch\/wp-content\/uploads\/2020\/03\/ecommerce-2140604_1920.jpg","contentUrl":"https:\/\/betterstudy.ch\/wp-content\/uploads\/2020\/03\/ecommerce-2140604_1920.jpg","width":1600,"height":700,"caption":"||"},{"@type":"WebSite","@id":"https:\/\/betterstudy.ch\/de\/#website","url":"https:\/\/betterstudy.ch\/de\/","name":"BetterStudy Formation en ligne","description":"Formation en ligne cours de finance et comptabilit\u00e9","publisher":{"@id":"https:\/\/betterstudy.ch\/de\/#organization"},"potentialAction":[{"@type":"SearchAction","target":{"@type":"EntryPoint","urlTemplate":"https:\/\/betterstudy.ch\/de\/?s={search_term_string}"},"query-input":{"@type":"PropertyValueSpecification","valueRequired":true,"valueName":"search_term_string"}}],"inLanguage":"de-CH"},{"@type":"Organization","@id":"https:\/\/betterstudy.ch\/de\/#organization","name":"BetterStudy","url":"https:\/\/betterstudy.ch\/de\/","logo":{"@type":"ImageObject","inLanguage":"de-CH","@id":"https:\/\/betterstudy.ch\/de\/#\/schema\/logo\/image\/","url":"https:\/\/betterstudy.ch\/wp-content\/uploads\/2020\/05\/betterstudy-logo-site.png","contentUrl":"https:\/\/betterstudy.ch\/wp-content\/uploads\/2020\/05\/betterstudy-logo-site.png","width":134,"height":43,"caption":"BetterStudy"},"image":{"@id":"https:\/\/betterstudy.ch\/de\/#\/schema\/logo\/image\/"},"sameAs":["https:\/\/www.facebook.com\/BetterStudy\/","https:\/\/x.com\/betterstudych","https:\/\/www.instagram.com\/betterstudy_online_course\/","https:\/\/www.linkedin.com\/school\/betterstudy-cours-en-ligne\/","https:\/\/www.youtube.com\/user\/betterstudy"]},{"@type":"Person","@id":"https:\/\/betterstudy.ch\/de\/#\/schema\/person\/2bef5da90845682ae750c6bec319e991","name":"Christophe Rieder","image":{"@type":"ImageObject","inLanguage":"de-CH","@id":"https:\/\/secure.gravatar.com\/avatar\/1d6a84ec7f72e217f241f793b830739f7ecf9700fc353b7e9a4a621aed41b128?s=96&d=mm&r=g","url":"https:\/\/secure.gravatar.com\/avatar\/1d6a84ec7f72e217f241f793b830739f7ecf9700fc353b7e9a4a621aed41b128?s=96&d=mm&r=g","contentUrl":"https:\/\/secure.gravatar.com\/avatar\/1d6a84ec7f72e217f241f793b830739f7ecf9700fc353b7e9a4a621aed41b128?s=96&d=mm&r=g","caption":"Christophe Rieder"},"description":"Titulaire du Master of Science HES-SO in Business Administration obtenu \u00e0 HEG-Fribourg et du Dipl\u00f4me f\u00e9d\u00e9ral d'Enseignant de la formation professionnelle, Christophe Rieder est le Fondateur et Directeur de l'institut de formation professionnelle en ligne BetterStudy. Christophe est aussi Ma\u00eetre d'enseignement en gestion d'entreprise \u00e0 l'Ecole sup\u00e9rieure de commerce \u00e0 l'Etat de Gen\u00e8ve. Avant de se r\u00e9orienter dans le domaine de la formation, Christophe a travaill\u00e9 4 ans dans la gestion de fortune \u00e0 Gen\u00e8ve. Pendant son temps libre, Christophe fait de la guitare et joue aux \u00e9checs, il aime aussi sortir et voyager.","sameAs":["https:\/\/www.linkedin.com\/in\/christopherieder\/"]}]}},"uagb_featured_image_src":{"full":["https:\/\/betterstudy.ch\/wp-content\/uploads\/2020\/03\/ecommerce-2140604_1920.jpg",1600,700,false],"thumbnail":["https:\/\/betterstudy.ch\/wp-content\/uploads\/2020\/03\/ecommerce-2140604_1920-150x150.jpg",150,150,true],"medium":["https:\/\/betterstudy.ch\/wp-content\/uploads\/2020\/03\/ecommerce-2140604_1920-300x131.jpg",300,131,true],"medium_large":["https:\/\/betterstudy.ch\/wp-content\/uploads\/2020\/03\/ecommerce-2140604_1920-768x336.jpg",640,280,true],"large":["https:\/\/betterstudy.ch\/wp-content\/uploads\/2020\/03\/ecommerce-2140604_1920-1024x448.jpg",640,280,true],"1536x1536":["https:\/\/betterstudy.ch\/wp-content\/uploads\/2020\/03\/ecommerce-2140604_1920-1536x672.jpg",1536,672,true],"2048x2048":["https:\/\/betterstudy.ch\/wp-content\/uploads\/2020\/03\/ecommerce-2140604_1920.jpg",1600,700,false],"archive-thumb":["https:\/\/betterstudy.ch\/wp-content\/uploads\/2020\/03\/ecommerce-2140604_1920.jpg",450,197,false],"woocommerce_thumbnail":["https:\/\/betterstudy.ch\/wp-content\/uploads\/2020\/03\/ecommerce-2140604_1920-410x308.jpg",410,308,true],"woocommerce_single":["https:\/\/betterstudy.ch\/wp-content\/uploads\/2020\/03\/ecommerce-2140604_1920-600x263.jpg",600,263,true],"woocommerce_gallery_thumbnail":["https:\/\/betterstudy.ch\/wp-content\/uploads\/2020\/03\/ecommerce-2140604_1920-100x100.jpg",100,100,true],"variation_swatches_image_size":["https:\/\/betterstudy.ch\/wp-content\/uploads\/2020\/03\/ecommerce-2140604_1920.jpg",50,22,false],"variation_swatches_tooltip_size":["https:\/\/betterstudy.ch\/wp-content\/uploads\/2020\/03\/ecommerce-2140604_1920.jpg",100,44,false]},"uagb_author_info":{"display_name":"Christophe Rieder","author_link":"https:\/\/betterstudy.ch\/de\/author\/chris\/"},"uagb_comment_info":0,"uagb_excerpt":"E-commerce : Changements l\u00e9gislatifs Dans un monde ou l\u2019e-commerce est en pleine expansion et o\u00f9 les achats en ligne appartiennent d\u00e9sormais \u00e0 notre quotidien, il peut \u00eatre bon \u00e0 savoir pour le consommateur quels sont les changements l\u00e9gislatifs [&hellip;]","_links":{"self":[{"href":"https:\/\/betterstudy.ch\/de\/wp-json\/wp\/v2\/posts\/53558","targetHints":{"allow":["GET"]}}],"collection":[{"href":"https:\/\/betterstudy.ch\/de\/wp-json\/wp\/v2\/posts"}],"about":[{"href":"https:\/\/betterstudy.ch\/de\/wp-json\/wp\/v2\/types\/post"}],"author":[{"embeddable":true,"href":"https:\/\/betterstudy.ch\/de\/wp-json\/wp\/v2\/users\/2"}],"replies":[{"embeddable":true,"href":"https:\/\/betterstudy.ch\/de\/wp-json\/wp\/v2\/comments?post=53558"}],"version-history":[{"count":0,"href":"https:\/\/betterstudy.ch\/de\/wp-json\/wp\/v2\/posts\/53558\/revisions"}],"wp:featuredmedia":[{"embeddable":true,"href":"https:\/\/betterstudy.ch\/de\/wp-json\/wp\/v2\/media\/4248"}],"wp:attachment":[{"href":"https:\/\/betterstudy.ch\/de\/wp-json\/wp\/v2\/media?parent=53558"}],"wp:term":[{"taxonomy":"category","embeddable":true,"href":"https:\/\/betterstudy.ch\/de\/wp-json\/wp\/v2\/categories?post=53558"},{"taxonomy":"post_tag","embeddable":true,"href":"https:\/\/betterstudy.ch\/de\/wp-json\/wp\/v2\/tags?post=53558"}],"curies":[{"name":"wp","href":"https:\/\/api.w.org\/{rel}","templated":true}]}}