{"id":53548,"date":"2025-12-10T15:41:15","date_gmt":"2025-12-10T14:41:15","guid":{"rendered":"https:\/\/betterstudy.ch\/unkategorisiert\/tva-vehicule-entreprise\/"},"modified":"2025-12-20T02:09:35","modified_gmt":"2025-12-20T01:09:35","slug":"tva-vehicule-entreprise","status":"publish","type":"post","link":"https:\/\/betterstudy.ch\/de\/ausbildung-in-buchhaltung-und-rechnungswesen\/umfassender-leitfaden-buchhaltung\/tva-vehicule-entreprise\/","title":{"rendered":"Privatanteil Gesch\u00e4ftsfahrzeug MWST: Berechnung, Methoden und Praxisf\u00e4lle"},"content":{"rendered":"\t\t<div data-elementor-type=\"wp-post\" data-elementor-id=\"53548\" class=\"elementor elementor-53548 elementor-9673\" data-elementor-post-type=\"post\">\n\t\t\t\t\t\t<section class=\"elementor-section elementor-top-section elementor-element elementor-element-3fde0b2 elementor-section-boxed elementor-section-height-default elementor-section-height-default\" data-id=\"3fde0b2\" data-element_type=\"section\" data-e-type=\"section\">\n\t\t\t\t\t\t<div class=\"elementor-container elementor-column-gap-default\">\n\t\t\t\t\t<div class=\"elementor-column elementor-col-100 elementor-top-column elementor-element elementor-element-11cab9de\" data-id=\"11cab9de\" data-element_type=\"column\" data-e-type=\"column\">\n\t\t\t<div class=\"elementor-widget-wrap elementor-element-populated\">\n\t\t\t\t\t\t<div class=\"elementor-element elementor-element-279d0a35 elementor-widget elementor-widget-text-editor\" data-id=\"279d0a35\" data-element_type=\"widget\" data-e-type=\"widget\" data-widget_type=\"text-editor.default\">\n\t\t\t\t<div class=\"elementor-widget-container\">\n\t\t\t\t\t\t\t\t\t<p>Die private Nutzung eines Gesch\u00e4ftsfahrzeugs ist eine der h\u00e4ufigsten Ursachen f\u00fcr MWST-Nachforderungen bei ESTV-Kontrollen. Der <strong data-start=\"711\" data-end=\"750\">Privatanteil Gesch\u00e4ftsfahrzeug MWST<\/strong> regelt, wie Unternehmen private Fahrten korrekt erfassen, die Vorsteuer richtig korrigieren und Risiken vermeiden. In diesem Artikel erkl\u00e4ren wir praxisnah, wann ein Privatanteil gen\u00fcgt, wann ein Mietpreis anzusetzen ist und worauf Unternehmen besonders achten m\u00fcssen.<\/p><p>Die Problematik der privaten Nutzung von Gesch\u00e4ftsfahrzeugen stellt eine <a href=\"https:\/\/betterstudy.ch\/formation-comptabilite\/guide-complet-comptabilite\/tva-introduction-dispositions-generales\/\" rel=\"noopener\">MwSt.<\/a>-Problematik dar, die bei MwSt.-Kontrollen oft zu Nachforderungen f\u00fchrt. Die korrekte Bestimmung der Privatanteile und der Mietpreise f\u00fcr Fahrzeuge ist daher immer noch ein aktuelles Thema.<\/p><h2><strong>Gesch\u00e4ftsfahrzeuge und MwSt.: Achtung bei Angestellten und Eigent\u00fcmern, die \u00fcber mehr als ein Gesch\u00e4ftsfahrzeug verf\u00fcgen!<\/strong><\/h2><p>Die aktuelle, weltweit grassierende Pandemie wirkt sich auf zahlreiche Bereiche der Wirtschaftst\u00e4tigkeit aus. Zum Beispiel sinkt der Preis f\u00fcr \u00d6l oder Benzin f\u00fcr unsere Autos aufgrund eines \u00dcberangebots an schwarzem Gold stetig, w\u00e4hrend viele Transportmittel (Flugzeuge, Automobile, Kreuzfahrtschiffe usw.) aufgrund der von vielen L\u00e4ndern in den letzten Wochen verh\u00e4ngten Quarant\u00e4nema\u00dfnahmen am Boden bleiben m\u00fcssen.<\/p><p>Benzin ist ein lebenswichtiges Gut, um insbesondere <a href=\"https:\/\/betterstudy.ch\/de\/unkategorisiert\/investitionen-von-unternehmen\/\" rel=\"noopener\">Unternehmen<\/a> und deren Transportmittel am Laufen zu halten. In dieser Hinsicht d\u00fcrfen zahlreiche Unternehmen Fahrzeuge, Lastwagen und andere Transportmittel in ihrer <a href=\"https:\/\/betterstudy.ch\/de\/ausbildung-in-buchhaltung-und-rechnungswesen\/#diplome-comptabilite\">Buchhaltung<\/a> erfassen, sofern diese durch den kommerziellen Zweck des Unternehmens gerechtfertigt sind.<\/p><p>Wenn man jedoch den Sonderfall des <a href=\"https:\/\/betterstudy.ch\/formation-comptabilite\/guide-complet-comptabilite\/tva-a-payer-acquisitions-entreprise\/\" rel=\"noopener\">Gesch\u00e4ftsfahrzeugs<\/a> betrachtet, wird dieses in der Praxis selten zu 100 % im kommerziellen Rahmen des Unternehmens genutzt. Tatsache ist, dass das Fahrzeug oft seinem Halter (Handelsvertreter, leitender Angestellter, Unternehmensinhaber usw.) die ganze Woche \u00fcber rund um die Uhr dauerhaft zur Verf\u00fcgung gestellt wird.<\/p><p>Es ist daher offensichtlich, dass der Fahrzeughalter private Fahrten unternimmt. Aus diesem Grund und um Halter und Nicht-Halter von Gesch\u00e4ftsfahrzeugen gleichzustellen, ber\u00fccksichtigt die ESTV Bern die private Nutzung durch den Halter eines Gesch\u00e4ftsfahrzeugs (z. B. Nutzung an Wochenenden), indem sie vom Unternehmen verlangt, einen Privatanteil f\u00fcr dieses Fahrzeug zu verbuchen und zu deklarieren.<\/p><p>Dieser Privatanteil unterliegt der Mehrwertsteuer zum Normalsatz und hat letztlich zum Ziel, einerseits die Vorsteuer zu korrigieren, die zuvor auf die mit Mehrwertsteuer belasteten Fahrzeugausgaben (z. B. Fahrzeugkauf, Leasingraten, Benzinkauf, Reparaturen usw.) angerechnet wurde, und andererseits den Reingewinn des Unternehmens.<\/p><p>Es gibt jedoch Ausnahmen, bei denen das Unternehmen keinen Privatanteil deklarieren muss (z. B. Nutzfahrzeug mit fester Ausstattung \u2013 wie ein Lieferwagen \u2013 eingerichtet f\u00fcr Handwerkerwerkzeuge). Der Fahrzeug-Privatanteil wird in der Regel f\u00fcr klassische Personenkraftwagen berechnet.<\/p><p>Wenn nur ein Gesch\u00e4ftsfahrzeug (Dienstwagen) von seinem Halter genutzt wird, wird der Privatanteil in der Regel nach der sogenannten \u201e0,8%-Pauschalmethode\u201c berechnet. Diese Methode, die von der Eidgen\u00f6ssischen Steuerverwaltung (ESTV) validiert ist, besteht darin, den monatlichen Koeffizienten von 0,8 % auf den Kaufpreis des Fahrzeugs (ohne MwSt.) anzuwenden und diesen dann mit der Anzahl der genutzten Monate zu multiplizieren.<\/p><p>Danach muss nur noch die Mehrwertsteuer zum Normalsatz auf diesen erhaltenen Privatanteil angewendet werden. Diese Berechnung des Privatanteils wird anhand des folgenden Beispiels erl\u00e4utert, in dem ein Privatanteil f\u00fcr einen Zeitraum von 12 Monaten berechnet wird <i>(Quelle: ESTV Bern) :<\/i><\/p><p>Kaufpreis CHF 43.000,- (ohne MwSt.),<\/p><p>0,8 % pro Monat = CHF 344,- pro Monat<\/p><p>Zu deklarierender Betrag (12 x CHF 344,-) = CHF 4.128,-<\/p><p><strong>Steuerberechnung: 7,7 % von CHF 4.128,- (107,7 %) = CHF 295,15<\/strong><\/p><p>Dies vorausgeschickt, wird es komplizierter, wenn mehr als ein Dienstwagen von seinem Halter genutzt wird (z. B. zwei Dienstwagen, die gleichzeitig vom Aktion\u00e4r einer AG genutzt werden).<\/p><p>Der gesunde Menschenverstand und die Logik besagen im Prinzip, dass eine Person nur ein Fahrzeug gleichzeitig nutzt. Aus diesem Grund hat die ESTV in der Vergangenheit (insbesondere vor der grundlegenden Revision des MWSTG am 01.01.2010), wenn der Fall eintrat, dass ein Halter zwei oder mehrere Gesch\u00e4ftsfahrzeuge gleichzeitig nutzte, die Anrechnung der Vorsteuer im Allgemeinen nur f\u00fcr ein einziges Fahrzeug akzeptiert und dann die Berechnung des j\u00e4hrlichen Privatanteils verlangt, um den der Privatsph\u00e4re zugewiesenen Vorsteueranteil zu korrigieren (z. B. Nutzung des Fahrzeugs an Wochenenden).<\/p><p>Was das zweite Fahrzeug (und die folgenden Fahrzeuge) betrifft, war der Abzug der l \u201e<a href=\"https:\/\/betterstudy.ch\/formation-comptabilite\/guide-complet-comptabilite\/tva-deduction-de-limpot-prealable\/\" rel=\"noopener\">Vorsteuer<\/a> n\u201c im Prinzip nicht zul\u00e4ssig, ebenso wenig wie die Erfassung der Ausgaben f\u00fcr dieses zweite Fahrzeug. Der Grund daf\u00fcr war, dass dieses zweite Fahrzeug damals als private Ausgabe betrachtet wurde, die nichts in der Gesch\u00e4ftsbilanz zu suchen hatte.<\/p><p>Die ESTV hat ihre Doktrin in der Folge schrittweise ge\u00e4ndert, indem sie die Erfassung mehrerer Fahrzeuge f\u00fcr einen einzigen Halter in der <a href=\"https:\/\/betterstudy.ch\/de\/ausbildung-in-buchhaltung-und-rechnungswesen\/#diplome-comptabilite\">Buchhaltung<\/a> zulie\u00df (vorausgesetzt, die \u00fcberwiegende kommerzielle Nutzung der Fahrzeuge betr\u00e4gt jedoch mehr als 50 %), aber die MwSt.-Anpassung, wie nachfolgend erl\u00e4utert, zwischen der Berechnung des Privatanteils und der Berechnung eines Mietpreises unterschieden.<\/p><p>Wie bereits erw\u00e4hnt, ben\u00f6tigt ein Angestellter oder Unternehmensinhaber im Allgemeinen nur ein Dienstfahrzeug, um seine beruflichen Aufgaben zu erf\u00fcllen (z. B. ein Handelsvertreter, um seine Kunden zu besuchen).<\/p><p>Wenn ein Unternehmen jedoch zwei (oder mehr als zwei) Gesch\u00e4ftsfahrzeuge einem Angestellten oder dem Eigent\u00fcmer zur Verf\u00fcgung stellt, muss es die Notwendigkeit nachweisen, dass diese Person \u00fcber zwei (oder mehr als zwei) Fahrzeuge zur Erf\u00fcllung ihrer beruflichen Aufgaben verf\u00fcgen muss. Dieser Nachweis kann mittels Fahrtenb\u00fcchern oder anderen beweiskr\u00e4ftigen Unterlagen erbracht werden.<\/p><p>Ist dies nicht m\u00f6glich, betrachtet die ESTV diese Fahrzeuge als Mietobjekte, die dem Angestellten oder Eigent\u00fcmer vom Unternehmen zu privaten Zwecken zur Verf\u00fcgung gestellt werden.<\/p><p>Diese Bewertung durch die ESTV hat somit aus MwSt.-Sicht zur Folge, dass das Unternehmen die Vorsteuerbetr\u00e4ge abziehen kann, die die Investitionen (Fahrzeugkauf) und die damit verbundenen Ausgaben (Benzinkauf, Fahrzeugreparaturen usw.) belasten.<\/p><p>Im Gegenzug muss das Unternehmen die Mietgegenleistung nach der Methode der Ber\u00fccksichtigung aller Kosten berechnen, d.h. alle Betriebskosten, die Abschreibungen von 10 % pro Jahr, die Versicherungskosten, die Steuern, sowie einen Zuschlag f\u00fcr Gemeinkosten und Gewinn in H\u00f6he von 10 % der so berechneten Gesamtkosten.<\/p><p>Die so erhaltene <a href=\"https:\/\/betterstudy.ch\/formation-comptabilite\/guide-complet-comptabilite\/le-decompte-tva\/\" rel=\"noopener\">Gegenleistung<\/a> f\u00fcr diese Vermietung wird der Mehrwertsteuer zum Normalsatz, wie auch ein Privatanteil, unterstellt. Diese Berechnung des Mietpreises wird nachfolgend anhand eines Beispiels f\u00fcr die Bereitstellung eines Dienstfahrzeugs f\u00fcr einen Zeitraum von 12 Monaten <i>(Quelle: ESTV Bern) :<\/i><\/p><p><strong>Berechnungsbeispiele f\u00fcr die Gesamtkosten<\/strong><\/p><p>Annahmen: in CHF<\/p><p>Kaufpreis des Fahrzeugs, MwSt. 7,7 % inbegriffen 107.700,00<\/p><p>Betriebskosten pro Jahr, MwSt. 7,7 % inbegriffen 10.770,00<\/p><p>Versicherungen und Steuern pro Jahr 4.000,00<\/p><p>J\u00e4hrliche Miete des Parkplatzes, MwSt. 7,7 % inbegriffen 1.077,00<\/p><p>Verbuchte Betriebskosten pro Jahr (netto) 10.000,00<\/p><p>Versicherungen und Steuern pro Jahr 4.000,00<\/p><p>J\u00e4hrliche Miete des Parkplatzes (netto) 1.000,00<\/p><p>Abschreibung (10 % von CHF 100.000,-) 10.000,00<\/p><p>________<\/p><p>Gesamtkosten 25.000,00<\/p><p>Zuschlag von 10 % f\u00fcr Gemeinkosten und Gewinn 2.500,00<\/p><p>_________<\/p><p>Bemessungsgrundlage der Steuer 27.500,00<\/p><p>davon 7,7 % MwSt. (100 %) = Geschuldete MwSt. 2.117,50<\/p><p>Wichtiger Hinweis: Nicht der Kaufpreis bestimmt, welches der gleichzeitig einem Angestellten oder Eigent\u00fcmer zur Verf\u00fcgung gestellten Gesch\u00e4ftsfahrzeuge der kommerziellen Nutzung zuzuordnen ist (=Fahrzeug, f\u00fcr das ein Privatanteil berechnet wird), sondern die genaue Nutzung, die im Unternehmen davon gemacht wird.<\/p><p>Zusammenfassend ist es f\u00fcr ein Unternehmen daher wichtig, beim Erwerb von Fahrzeugen genau zu bestimmen, welche pr\u00e4zise <a href=\"https:\/\/betterstudy.ch\/formation-comptabilite\/guide-complet-comptabilite\/tva-changements-daffectation\/\" rel=\"noopener\">Nutzung<\/a> diese haben werden. Denn man muss bedenken, dass je nach der Nutzung der Fahrzeuge die Form der MwSt.-Anpassungsberechnung und deren Umfang davon abh\u00e4ngen (Berechnung eines Privatanteils, eines Mietpreises oder handelt es sich im Gegenteil um eine nicht kommerziell gerechtfertigte Ausgabe?).<\/p><p>Letztendlich wird diese MwSt.-Anpassung einerseits die Unternehmenskonten beeinflussen (z. B. Verbuchung eines Privatanteils oder eines Mietpreises, der in der Buchhaltung einen Ertrag darstellt, der den Reingewinn erh\u00f6ht; Zahlung der MwSt. auf diesen Ertrag) und andererseits den Lohnausweis des Fahrzeughalters (Deklaration eines Naturallohns).<\/p><p>Schlie\u00dflich ist zu beachten, dass die private Nutzung von Gesch\u00e4ftsfahrzeugen eine steuerliche Problematik darstellt, die insbesondere bei Kontrollen durch die ESTV oft zu MwSt.-Nachforderungen f\u00fchrt. Es ist daher umso wichtiger, dieses in Unternehmen h\u00e4ufig auftretende Problem nicht auf die leichte Schulter zu nehmen.<\/p>\t\t\t\t\t\t\t\t<\/div>\n\t\t\t\t<\/div>\n\t\t\t\t\t<\/div>\n\t\t<\/div>\n\t\t\t\t\t<\/div>\n\t\t<\/section>\n\t\t\t\t<\/div>\n\t\t","protected":false},"excerpt":{"rendered":"<p>Die private Nutzung eines Gesch\u00e4ftsfahrzeugs ist eine der h\u00e4ufigsten Ursachen f\u00fcr MWST-Nachforderungen bei ESTV-Kontrollen. Der Privatanteil Gesch\u00e4ftsfahrzeug MWST regelt, wie Unternehmen private Fahrten korrekt erfassen, die Vorsteuer richtig korrigieren und Risiken vermeiden. In diesem Artikel erkl\u00e4ren wir praxisnah, [&hellip;]<\/p>\n","protected":false},"author":2,"featured_media":7866,"comment_status":"closed","ping_status":"closed","sticky":false,"template":"","format":"standard","meta":{"content-type":"","_uag_custom_page_level_css":"","footnotes":""},"categories":[1443],"tags":[1689,1446,1636,1571],"class_list":["post-53548","post","type-post","status-publish","format-standard","has-post-thumbnail","hentry","category-umfassender-leitfaden-buchhaltung","tag-besteuerung-de","tag-comptabilite-de","tag-impot-de","tag-mehrwertsteuer"],"yoast_head":"<!-- This site is optimized with the Yoast SEO plugin v27.4 - https:\/\/yoast.com\/product\/yoast-seo-wordpress\/ -->\n<title>Privatanteil Gesch\u00e4ftsfahrzeug MWST: Berechnung, Methoden und Praxisf\u00e4lle &#8212; BetterStudy Formation en ligne<\/title>\n<meta name=\"description\" content=\"Wie wird der Privatanteil eines Gesch\u00e4ftsfahrzeugs in der MWST berechnet? Methoden, Beispiele und typische Fehler bei ESTV-Kontrollen.\" \/>\n<meta name=\"robots\" content=\"index, follow, max-snippet:-1, max-image-preview:large, max-video-preview:-1\" \/>\n<link rel=\"canonical\" href=\"https:\/\/betterstudy.ch\/de\/ausbildung-in-buchhaltung-und-rechnungswesen\/umfassender-leitfaden-buchhaltung\/tva-vehicule-entreprise\/\" \/>\n<meta property=\"og:locale\" content=\"de_DE\" \/>\n<meta property=\"og:type\" content=\"article\" \/>\n<meta property=\"og:title\" content=\"Privatanteil Gesch\u00e4ftsfahrzeug MWST: Berechnung, Methoden und Praxisf\u00e4lle &#8212; BetterStudy Formation en ligne\" \/>\n<meta property=\"og:description\" content=\"Wie wird der Privatanteil eines Gesch\u00e4ftsfahrzeugs in der MWST berechnet? Methoden, Beispiele und typische Fehler bei ESTV-Kontrollen.\" \/>\n<meta property=\"og:url\" content=\"https:\/\/betterstudy.ch\/de\/ausbildung-in-buchhaltung-und-rechnungswesen\/umfassender-leitfaden-buchhaltung\/tva-vehicule-entreprise\/\" \/>\n<meta property=\"og:site_name\" content=\"BetterStudy Formation en ligne\" \/>\n<meta property=\"article:publisher\" content=\"https:\/\/www.facebook.com\/BetterStudy\/\" \/>\n<meta property=\"article:published_time\" content=\"2025-12-10T14:41:15+00:00\" \/>\n<meta property=\"article:modified_time\" content=\"2025-12-20T01:09:35+00:00\" \/>\n<meta property=\"og:image\" content=\"https:\/\/betterstudy.ch\/wp-content\/uploads\/2020\/04\/finance-dentreprise-analyse-financiere-et-evaluation-dentreprise.jpg\" \/>\n\t<meta property=\"og:image:width\" content=\"1024\" \/>\n\t<meta property=\"og:image:height\" content=\"819\" \/>\n\t<meta property=\"og:image:type\" content=\"image\/jpeg\" \/>\n<meta name=\"author\" content=\"Christophe Rieder\" \/>\n<meta name=\"twitter:card\" content=\"summary_large_image\" \/>\n<meta name=\"twitter:creator\" content=\"@betterstudych\" \/>\n<meta name=\"twitter:site\" content=\"@betterstudych\" \/>\n<meta name=\"twitter:label1\" content=\"Geschrieben von\" \/>\n\t<meta name=\"twitter:data1\" content=\"Christophe Rieder\" \/>\n\t<meta name=\"twitter:label2\" content=\"Gesch\u00e4tzte Lesezeit\" \/>\n\t<meta name=\"twitter:data2\" content=\"6\u00a0Minuten\" \/>\n<script type=\"application\/ld+json\" class=\"yoast-schema-graph\">{\"@context\":\"https:\\\/\\\/schema.org\",\"@graph\":[{\"@type\":\"Article\",\"@id\":\"https:\\\/\\\/betterstudy.ch\\\/de\\\/ausbildung-in-buchhaltung-und-rechnungswesen\\\/umfassender-leitfaden-buchhaltung\\\/tva-vehicule-entreprise\\\/#article\",\"isPartOf\":{\"@id\":\"https:\\\/\\\/betterstudy.ch\\\/de\\\/ausbildung-in-buchhaltung-und-rechnungswesen\\\/umfassender-leitfaden-buchhaltung\\\/tva-vehicule-entreprise\\\/\"},\"author\":{\"name\":\"Christophe Rieder\",\"@id\":\"https:\\\/\\\/betterstudy.ch\\\/de\\\/#\\\/schema\\\/person\\\/2bef5da90845682ae750c6bec319e991\"},\"headline\":\"Privatanteil Gesch\u00e4ftsfahrzeug MWST: Berechnung, Methoden und Praxisf\u00e4lle\",\"datePublished\":\"2025-12-10T14:41:15+00:00\",\"dateModified\":\"2025-12-20T01:09:35+00:00\",\"mainEntityOfPage\":{\"@id\":\"https:\\\/\\\/betterstudy.ch\\\/de\\\/ausbildung-in-buchhaltung-und-rechnungswesen\\\/umfassender-leitfaden-buchhaltung\\\/tva-vehicule-entreprise\\\/\"},\"wordCount\":1263,\"publisher\":{\"@id\":\"https:\\\/\\\/betterstudy.ch\\\/de\\\/#organization\"},\"image\":{\"@id\":\"https:\\\/\\\/betterstudy.ch\\\/de\\\/ausbildung-in-buchhaltung-und-rechnungswesen\\\/umfassender-leitfaden-buchhaltung\\\/tva-vehicule-entreprise\\\/#primaryimage\"},\"thumbnailUrl\":\"https:\\\/\\\/betterstudy.ch\\\/wp-content\\\/uploads\\\/2020\\\/04\\\/finance-dentreprise-analyse-financiere-et-evaluation-dentreprise.jpg\",\"keywords\":[\"Besteuerung\",\"comptabilit\u00e9\",\"imp\u00f4t\",\"Mehrwertsteuer\"],\"articleSection\":[\"Umfassender leitfaden buchhaltung\"],\"inLanguage\":\"de-CH\"},{\"@type\":\"WebPage\",\"@id\":\"https:\\\/\\\/betterstudy.ch\\\/de\\\/ausbildung-in-buchhaltung-und-rechnungswesen\\\/umfassender-leitfaden-buchhaltung\\\/tva-vehicule-entreprise\\\/\",\"url\":\"https:\\\/\\\/betterstudy.ch\\\/de\\\/ausbildung-in-buchhaltung-und-rechnungswesen\\\/umfassender-leitfaden-buchhaltung\\\/tva-vehicule-entreprise\\\/\",\"name\":\"Privatanteil Gesch\u00e4ftsfahrzeug MWST: Berechnung, Methoden und Praxisf\u00e4lle &#8212; BetterStudy Formation en ligne\",\"isPartOf\":{\"@id\":\"https:\\\/\\\/betterstudy.ch\\\/de\\\/#website\"},\"primaryImageOfPage\":{\"@id\":\"https:\\\/\\\/betterstudy.ch\\\/de\\\/ausbildung-in-buchhaltung-und-rechnungswesen\\\/umfassender-leitfaden-buchhaltung\\\/tva-vehicule-entreprise\\\/#primaryimage\"},\"image\":{\"@id\":\"https:\\\/\\\/betterstudy.ch\\\/de\\\/ausbildung-in-buchhaltung-und-rechnungswesen\\\/umfassender-leitfaden-buchhaltung\\\/tva-vehicule-entreprise\\\/#primaryimage\"},\"thumbnailUrl\":\"https:\\\/\\\/betterstudy.ch\\\/wp-content\\\/uploads\\\/2020\\\/04\\\/finance-dentreprise-analyse-financiere-et-evaluation-dentreprise.jpg\",\"datePublished\":\"2025-12-10T14:41:15+00:00\",\"dateModified\":\"2025-12-20T01:09:35+00:00\",\"description\":\"Wie wird der Privatanteil eines Gesch\u00e4ftsfahrzeugs in der MWST berechnet? Methoden, Beispiele und typische Fehler bei ESTV-Kontrollen.\",\"inLanguage\":\"de-CH\",\"potentialAction\":[{\"@type\":\"ReadAction\",\"target\":[\"https:\\\/\\\/betterstudy.ch\\\/de\\\/ausbildung-in-buchhaltung-und-rechnungswesen\\\/umfassender-leitfaden-buchhaltung\\\/tva-vehicule-entreprise\\\/\"]}]},{\"@type\":\"ImageObject\",\"inLanguage\":\"de-CH\",\"@id\":\"https:\\\/\\\/betterstudy.ch\\\/de\\\/ausbildung-in-buchhaltung-und-rechnungswesen\\\/umfassender-leitfaden-buchhaltung\\\/tva-vehicule-entreprise\\\/#primaryimage\",\"url\":\"https:\\\/\\\/betterstudy.ch\\\/wp-content\\\/uploads\\\/2020\\\/04\\\/finance-dentreprise-analyse-financiere-et-evaluation-dentreprise.jpg\",\"contentUrl\":\"https:\\\/\\\/betterstudy.ch\\\/wp-content\\\/uploads\\\/2020\\\/04\\\/finance-dentreprise-analyse-financiere-et-evaluation-dentreprise.jpg\",\"width\":1024,\"height\":819},{\"@type\":\"WebSite\",\"@id\":\"https:\\\/\\\/betterstudy.ch\\\/de\\\/#website\",\"url\":\"https:\\\/\\\/betterstudy.ch\\\/de\\\/\",\"name\":\"BetterStudy Formation en ligne\",\"description\":\"Formation en ligne cours de finance et comptabilit\u00e9\",\"publisher\":{\"@id\":\"https:\\\/\\\/betterstudy.ch\\\/de\\\/#organization\"},\"potentialAction\":[{\"@type\":\"SearchAction\",\"target\":{\"@type\":\"EntryPoint\",\"urlTemplate\":\"https:\\\/\\\/betterstudy.ch\\\/de\\\/?s={search_term_string}\"},\"query-input\":{\"@type\":\"PropertyValueSpecification\",\"valueRequired\":true,\"valueName\":\"search_term_string\"}}],\"inLanguage\":\"de-CH\"},{\"@type\":\"Organization\",\"@id\":\"https:\\\/\\\/betterstudy.ch\\\/de\\\/#organization\",\"name\":\"BetterStudy\",\"url\":\"https:\\\/\\\/betterstudy.ch\\\/de\\\/\",\"logo\":{\"@type\":\"ImageObject\",\"inLanguage\":\"de-CH\",\"@id\":\"https:\\\/\\\/betterstudy.ch\\\/de\\\/#\\\/schema\\\/logo\\\/image\\\/\",\"url\":\"https:\\\/\\\/betterstudy.ch\\\/wp-content\\\/uploads\\\/2020\\\/05\\\/betterstudy-logo-site.png\",\"contentUrl\":\"https:\\\/\\\/betterstudy.ch\\\/wp-content\\\/uploads\\\/2020\\\/05\\\/betterstudy-logo-site.png\",\"width\":134,\"height\":43,\"caption\":\"BetterStudy\"},\"image\":{\"@id\":\"https:\\\/\\\/betterstudy.ch\\\/de\\\/#\\\/schema\\\/logo\\\/image\\\/\"},\"sameAs\":[\"https:\\\/\\\/www.facebook.com\\\/BetterStudy\\\/\",\"https:\\\/\\\/x.com\\\/betterstudych\",\"https:\\\/\\\/www.instagram.com\\\/betterstudy_online_course\\\/\",\"https:\\\/\\\/www.linkedin.com\\\/school\\\/betterstudy-cours-en-ligne\\\/\",\"https:\\\/\\\/www.youtube.com\\\/user\\\/betterstudy\"]},{\"@type\":\"Person\",\"@id\":\"https:\\\/\\\/betterstudy.ch\\\/de\\\/#\\\/schema\\\/person\\\/2bef5da90845682ae750c6bec319e991\",\"name\":\"Christophe Rieder\",\"image\":{\"@type\":\"ImageObject\",\"inLanguage\":\"de-CH\",\"@id\":\"https:\\\/\\\/secure.gravatar.com\\\/avatar\\\/1d6a84ec7f72e217f241f793b830739f7ecf9700fc353b7e9a4a621aed41b128?s=96&d=mm&r=g\",\"url\":\"https:\\\/\\\/secure.gravatar.com\\\/avatar\\\/1d6a84ec7f72e217f241f793b830739f7ecf9700fc353b7e9a4a621aed41b128?s=96&d=mm&r=g\",\"contentUrl\":\"https:\\\/\\\/secure.gravatar.com\\\/avatar\\\/1d6a84ec7f72e217f241f793b830739f7ecf9700fc353b7e9a4a621aed41b128?s=96&d=mm&r=g\",\"caption\":\"Christophe Rieder\"},\"description\":\"Titulaire du Master of Science HES-SO in Business Administration obtenu \u00e0 HEG-Fribourg et du Dipl\u00f4me f\u00e9d\u00e9ral d'Enseignant de la formation professionnelle, Christophe Rieder est le Fondateur et Directeur de l'institut de formation professionnelle en ligne BetterStudy. Christophe est aussi Ma\u00eetre d'enseignement en gestion d'entreprise \u00e0 l'Ecole sup\u00e9rieure de commerce \u00e0 l'Etat de Gen\u00e8ve. Avant de se r\u00e9orienter dans le domaine de la formation, Christophe a travaill\u00e9 4 ans dans la gestion de fortune \u00e0 Gen\u00e8ve. Pendant son temps libre, Christophe fait de la guitare et joue aux \u00e9checs, il aime aussi sortir et voyager.\",\"sameAs\":[\"https:\\\/\\\/www.linkedin.com\\\/in\\\/christopherieder\\\/\"]}]}<\/script>\n<!-- \/ Yoast SEO plugin. -->","yoast_head_json":{"title":"Privatanteil Gesch\u00e4ftsfahrzeug MWST: Berechnung, Methoden und Praxisf\u00e4lle &#8212; BetterStudy Formation en ligne","description":"Wie wird der Privatanteil eines Gesch\u00e4ftsfahrzeugs in der MWST berechnet? Methoden, Beispiele und typische Fehler bei ESTV-Kontrollen.","robots":{"index":"index","follow":"follow","max-snippet":"max-snippet:-1","max-image-preview":"max-image-preview:large","max-video-preview":"max-video-preview:-1"},"canonical":"https:\/\/betterstudy.ch\/de\/ausbildung-in-buchhaltung-und-rechnungswesen\/umfassender-leitfaden-buchhaltung\/tva-vehicule-entreprise\/","og_locale":"de_DE","og_type":"article","og_title":"Privatanteil Gesch\u00e4ftsfahrzeug MWST: Berechnung, Methoden und Praxisf\u00e4lle &#8212; BetterStudy Formation en ligne","og_description":"Wie wird der Privatanteil eines Gesch\u00e4ftsfahrzeugs in der MWST berechnet? Methoden, Beispiele und typische Fehler bei ESTV-Kontrollen.","og_url":"https:\/\/betterstudy.ch\/de\/ausbildung-in-buchhaltung-und-rechnungswesen\/umfassender-leitfaden-buchhaltung\/tva-vehicule-entreprise\/","og_site_name":"BetterStudy Formation en ligne","article_publisher":"https:\/\/www.facebook.com\/BetterStudy\/","article_published_time":"2025-12-10T14:41:15+00:00","article_modified_time":"2025-12-20T01:09:35+00:00","og_image":[{"width":1024,"height":819,"url":"https:\/\/betterstudy.ch\/wp-content\/uploads\/2020\/04\/finance-dentreprise-analyse-financiere-et-evaluation-dentreprise.jpg","type":"image\/jpeg"}],"author":"Christophe Rieder","twitter_card":"summary_large_image","twitter_creator":"@betterstudych","twitter_site":"@betterstudych","twitter_misc":{"Geschrieben von":"Christophe Rieder","Gesch\u00e4tzte Lesezeit":"6\u00a0Minuten"},"schema":{"@context":"https:\/\/schema.org","@graph":[{"@type":"Article","@id":"https:\/\/betterstudy.ch\/de\/ausbildung-in-buchhaltung-und-rechnungswesen\/umfassender-leitfaden-buchhaltung\/tva-vehicule-entreprise\/#article","isPartOf":{"@id":"https:\/\/betterstudy.ch\/de\/ausbildung-in-buchhaltung-und-rechnungswesen\/umfassender-leitfaden-buchhaltung\/tva-vehicule-entreprise\/"},"author":{"name":"Christophe Rieder","@id":"https:\/\/betterstudy.ch\/de\/#\/schema\/person\/2bef5da90845682ae750c6bec319e991"},"headline":"Privatanteil Gesch\u00e4ftsfahrzeug MWST: Berechnung, Methoden und Praxisf\u00e4lle","datePublished":"2025-12-10T14:41:15+00:00","dateModified":"2025-12-20T01:09:35+00:00","mainEntityOfPage":{"@id":"https:\/\/betterstudy.ch\/de\/ausbildung-in-buchhaltung-und-rechnungswesen\/umfassender-leitfaden-buchhaltung\/tva-vehicule-entreprise\/"},"wordCount":1263,"publisher":{"@id":"https:\/\/betterstudy.ch\/de\/#organization"},"image":{"@id":"https:\/\/betterstudy.ch\/de\/ausbildung-in-buchhaltung-und-rechnungswesen\/umfassender-leitfaden-buchhaltung\/tva-vehicule-entreprise\/#primaryimage"},"thumbnailUrl":"https:\/\/betterstudy.ch\/wp-content\/uploads\/2020\/04\/finance-dentreprise-analyse-financiere-et-evaluation-dentreprise.jpg","keywords":["Besteuerung","comptabilit\u00e9","imp\u00f4t","Mehrwertsteuer"],"articleSection":["Umfassender leitfaden buchhaltung"],"inLanguage":"de-CH"},{"@type":"WebPage","@id":"https:\/\/betterstudy.ch\/de\/ausbildung-in-buchhaltung-und-rechnungswesen\/umfassender-leitfaden-buchhaltung\/tva-vehicule-entreprise\/","url":"https:\/\/betterstudy.ch\/de\/ausbildung-in-buchhaltung-und-rechnungswesen\/umfassender-leitfaden-buchhaltung\/tva-vehicule-entreprise\/","name":"Privatanteil Gesch\u00e4ftsfahrzeug MWST: Berechnung, Methoden und Praxisf\u00e4lle &#8212; BetterStudy Formation en ligne","isPartOf":{"@id":"https:\/\/betterstudy.ch\/de\/#website"},"primaryImageOfPage":{"@id":"https:\/\/betterstudy.ch\/de\/ausbildung-in-buchhaltung-und-rechnungswesen\/umfassender-leitfaden-buchhaltung\/tva-vehicule-entreprise\/#primaryimage"},"image":{"@id":"https:\/\/betterstudy.ch\/de\/ausbildung-in-buchhaltung-und-rechnungswesen\/umfassender-leitfaden-buchhaltung\/tva-vehicule-entreprise\/#primaryimage"},"thumbnailUrl":"https:\/\/betterstudy.ch\/wp-content\/uploads\/2020\/04\/finance-dentreprise-analyse-financiere-et-evaluation-dentreprise.jpg","datePublished":"2025-12-10T14:41:15+00:00","dateModified":"2025-12-20T01:09:35+00:00","description":"Wie wird der Privatanteil eines Gesch\u00e4ftsfahrzeugs in der MWST berechnet? Methoden, Beispiele und typische Fehler bei ESTV-Kontrollen.","inLanguage":"de-CH","potentialAction":[{"@type":"ReadAction","target":["https:\/\/betterstudy.ch\/de\/ausbildung-in-buchhaltung-und-rechnungswesen\/umfassender-leitfaden-buchhaltung\/tva-vehicule-entreprise\/"]}]},{"@type":"ImageObject","inLanguage":"de-CH","@id":"https:\/\/betterstudy.ch\/de\/ausbildung-in-buchhaltung-und-rechnungswesen\/umfassender-leitfaden-buchhaltung\/tva-vehicule-entreprise\/#primaryimage","url":"https:\/\/betterstudy.ch\/wp-content\/uploads\/2020\/04\/finance-dentreprise-analyse-financiere-et-evaluation-dentreprise.jpg","contentUrl":"https:\/\/betterstudy.ch\/wp-content\/uploads\/2020\/04\/finance-dentreprise-analyse-financiere-et-evaluation-dentreprise.jpg","width":1024,"height":819},{"@type":"WebSite","@id":"https:\/\/betterstudy.ch\/de\/#website","url":"https:\/\/betterstudy.ch\/de\/","name":"BetterStudy Formation en ligne","description":"Formation en ligne cours de finance et comptabilit\u00e9","publisher":{"@id":"https:\/\/betterstudy.ch\/de\/#organization"},"potentialAction":[{"@type":"SearchAction","target":{"@type":"EntryPoint","urlTemplate":"https:\/\/betterstudy.ch\/de\/?s={search_term_string}"},"query-input":{"@type":"PropertyValueSpecification","valueRequired":true,"valueName":"search_term_string"}}],"inLanguage":"de-CH"},{"@type":"Organization","@id":"https:\/\/betterstudy.ch\/de\/#organization","name":"BetterStudy","url":"https:\/\/betterstudy.ch\/de\/","logo":{"@type":"ImageObject","inLanguage":"de-CH","@id":"https:\/\/betterstudy.ch\/de\/#\/schema\/logo\/image\/","url":"https:\/\/betterstudy.ch\/wp-content\/uploads\/2020\/05\/betterstudy-logo-site.png","contentUrl":"https:\/\/betterstudy.ch\/wp-content\/uploads\/2020\/05\/betterstudy-logo-site.png","width":134,"height":43,"caption":"BetterStudy"},"image":{"@id":"https:\/\/betterstudy.ch\/de\/#\/schema\/logo\/image\/"},"sameAs":["https:\/\/www.facebook.com\/BetterStudy\/","https:\/\/x.com\/betterstudych","https:\/\/www.instagram.com\/betterstudy_online_course\/","https:\/\/www.linkedin.com\/school\/betterstudy-cours-en-ligne\/","https:\/\/www.youtube.com\/user\/betterstudy"]},{"@type":"Person","@id":"https:\/\/betterstudy.ch\/de\/#\/schema\/person\/2bef5da90845682ae750c6bec319e991","name":"Christophe Rieder","image":{"@type":"ImageObject","inLanguage":"de-CH","@id":"https:\/\/secure.gravatar.com\/avatar\/1d6a84ec7f72e217f241f793b830739f7ecf9700fc353b7e9a4a621aed41b128?s=96&d=mm&r=g","url":"https:\/\/secure.gravatar.com\/avatar\/1d6a84ec7f72e217f241f793b830739f7ecf9700fc353b7e9a4a621aed41b128?s=96&d=mm&r=g","contentUrl":"https:\/\/secure.gravatar.com\/avatar\/1d6a84ec7f72e217f241f793b830739f7ecf9700fc353b7e9a4a621aed41b128?s=96&d=mm&r=g","caption":"Christophe Rieder"},"description":"Titulaire du Master of Science HES-SO in Business Administration obtenu \u00e0 HEG-Fribourg et du Dipl\u00f4me f\u00e9d\u00e9ral d'Enseignant de la formation professionnelle, Christophe Rieder est le Fondateur et Directeur de l'institut de formation professionnelle en ligne BetterStudy. Christophe est aussi Ma\u00eetre d'enseignement en gestion d'entreprise \u00e0 l'Ecole sup\u00e9rieure de commerce \u00e0 l'Etat de Gen\u00e8ve. Avant de se r\u00e9orienter dans le domaine de la formation, Christophe a travaill\u00e9 4 ans dans la gestion de fortune \u00e0 Gen\u00e8ve. Pendant son temps libre, Christophe fait de la guitare et joue aux \u00e9checs, il aime aussi sortir et voyager.","sameAs":["https:\/\/www.linkedin.com\/in\/christopherieder\/"]}]}},"uagb_featured_image_src":{"full":["https:\/\/betterstudy.ch\/wp-content\/uploads\/2020\/04\/finance-dentreprise-analyse-financiere-et-evaluation-dentreprise.jpg",1024,819,false],"thumbnail":["https:\/\/betterstudy.ch\/wp-content\/uploads\/2020\/04\/finance-dentreprise-analyse-financiere-et-evaluation-dentreprise-150x150.jpg",150,150,true],"medium":["https:\/\/betterstudy.ch\/wp-content\/uploads\/2020\/04\/finance-dentreprise-analyse-financiere-et-evaluation-dentreprise-375x300.jpg",375,300,true],"medium_large":["https:\/\/betterstudy.ch\/wp-content\/uploads\/2020\/04\/finance-dentreprise-analyse-financiere-et-evaluation-dentreprise-768x614.jpg",640,512,true],"large":["https:\/\/betterstudy.ch\/wp-content\/uploads\/2020\/04\/finance-dentreprise-analyse-financiere-et-evaluation-dentreprise.jpg",640,512,false],"1536x1536":["https:\/\/betterstudy.ch\/wp-content\/uploads\/2020\/04\/finance-dentreprise-analyse-financiere-et-evaluation-dentreprise.jpg",1024,819,false],"2048x2048":["https:\/\/betterstudy.ch\/wp-content\/uploads\/2020\/04\/finance-dentreprise-analyse-financiere-et-evaluation-dentreprise.jpg",1024,819,false],"archive-thumb":["https:\/\/betterstudy.ch\/wp-content\/uploads\/2020\/04\/finance-dentreprise-analyse-financiere-et-evaluation-dentreprise-450x300.jpg",450,300,true],"woocommerce_thumbnail":["https:\/\/betterstudy.ch\/wp-content\/uploads\/2020\/04\/finance-dentreprise-analyse-financiere-et-evaluation-dentreprise-410x308.jpg",410,308,true],"woocommerce_single":["https:\/\/betterstudy.ch\/wp-content\/uploads\/2020\/04\/finance-dentreprise-analyse-financiere-et-evaluation-dentreprise-600x480.jpg",600,480,true],"woocommerce_gallery_thumbnail":["https:\/\/betterstudy.ch\/wp-content\/uploads\/2020\/04\/finance-dentreprise-analyse-financiere-et-evaluation-dentreprise-100x100.jpg",100,100,true],"variation_swatches_image_size":["https:\/\/betterstudy.ch\/wp-content\/uploads\/2020\/04\/finance-dentreprise-analyse-financiere-et-evaluation-dentreprise.jpg",50,40,false],"variation_swatches_tooltip_size":["https:\/\/betterstudy.ch\/wp-content\/uploads\/2020\/04\/finance-dentreprise-analyse-financiere-et-evaluation-dentreprise.jpg",100,80,false]},"uagb_author_info":{"display_name":"Christophe Rieder","author_link":"https:\/\/betterstudy.ch\/de\/author\/chris\/"},"uagb_comment_info":0,"uagb_excerpt":"Die private Nutzung eines Gesch\u00e4ftsfahrzeugs ist eine der h\u00e4ufigsten Ursachen f\u00fcr MWST-Nachforderungen bei ESTV-Kontrollen. Der Privatanteil Gesch\u00e4ftsfahrzeug MWST regelt, wie Unternehmen private Fahrten korrekt erfassen, die Vorsteuer richtig korrigieren und Risiken vermeiden. In diesem Artikel erkl\u00e4ren wir praxisnah, [&hellip;]","_links":{"self":[{"href":"https:\/\/betterstudy.ch\/de\/wp-json\/wp\/v2\/posts\/53548","targetHints":{"allow":["GET"]}}],"collection":[{"href":"https:\/\/betterstudy.ch\/de\/wp-json\/wp\/v2\/posts"}],"about":[{"href":"https:\/\/betterstudy.ch\/de\/wp-json\/wp\/v2\/types\/post"}],"author":[{"embeddable":true,"href":"https:\/\/betterstudy.ch\/de\/wp-json\/wp\/v2\/users\/2"}],"replies":[{"embeddable":true,"href":"https:\/\/betterstudy.ch\/de\/wp-json\/wp\/v2\/comments?post=53548"}],"version-history":[{"count":0,"href":"https:\/\/betterstudy.ch\/de\/wp-json\/wp\/v2\/posts\/53548\/revisions"}],"wp:featuredmedia":[{"embeddable":true,"href":"https:\/\/betterstudy.ch\/de\/wp-json\/wp\/v2\/media\/7866"}],"wp:attachment":[{"href":"https:\/\/betterstudy.ch\/de\/wp-json\/wp\/v2\/media?parent=53548"}],"wp:term":[{"taxonomy":"category","embeddable":true,"href":"https:\/\/betterstudy.ch\/de\/wp-json\/wp\/v2\/categories?post=53548"},{"taxonomy":"post_tag","embeddable":true,"href":"https:\/\/betterstudy.ch\/de\/wp-json\/wp\/v2\/tags?post=53548"}],"curies":[{"name":"wp","href":"https:\/\/api.w.org\/{rel}","templated":true}]}}